{"id":58493,"date":"2025-08-27T10:09:50","date_gmt":"2025-08-27T13:09:50","guid":{"rendered":"https:\/\/www.radiopresidenteibanez.cl\/web\/?p=58493"},"modified":"2025-08-27T10:12:02","modified_gmt":"2025-08-27T13:12:02","slug":"boletin-informativo-orbe-65","status":"publish","type":"post","link":"https:\/\/www.radiopresidenteibanez.cl\/web\/boletin-informativo-orbe-65\/","title":{"rendered":"BOLETIN INFORMATIVO ORBE"},"content":{"rendered":"\n<p>SANTIAGO.- El ministerio de Energ\u00eda inform\u00f3 la salida de la<br>socialista Sandra Maldonado como seremi de la Regi\u00f3n de<br>Ays\u00e9n. Esto, despu\u00e9s de las cr\u00edticas que recibi\u00f3 tras<br>conocerse antiguas publicaciones de ella donde atacaba al ex<br>Presidente Sebasti\u00e1n Pi\u00f1era. \u00abCon fecha 26 de agosto de 2025,<br>el Ministerio de Energ\u00eda ha aceptado la renuncia de Sandra<br>Maldonado Vald\u00e9s, seremi de Energ\u00eda de la Regi\u00f3n de Ays\u00e9n, la<br>que se har\u00e1 efectiva a partir de hoy\u00bb, se\u00f1al\u00f3 la cartera.<\/p>\n\n\n\n<p>SANTIAGO.-Maldonado alcanz\u00f3 a estar menos de 24 horas en el<br>cargo, ya que reci\u00e9n el martes hab\u00eda sido designada. En un<br>\u00abmeme\u00bb que dec\u00eda \u00abcabros, si me piteo a Pi\u00f1era me llevar\u00edan<br>cigarros a la c\u00e1rcel?\u00bb, Maldonado respondi\u00f3 \u00aby dos veces por<br>semana\u00bb, junto a una cara riendo. \u00abLleg\u00f3 a temblar con tanta<br>desfachatez de Pi\u00f1era\u00bb dec\u00eda otra publicaci\u00f3n de 2017.<\/p>\n\n\n\n<p>SANTIAGO.- Dos personas resultaron detenidas la \u00faltima<br>jornada en la comuna capitalina de Recoleta, luego de una<br>balacera que dej\u00f3 a un hombre herido de bala en la espalda.<br>El hecho qued\u00f3 al descubierto tras un llamado de vecinos que<br>alertaban de disparos y gritos en un domicilio en la<br>intersecci\u00f3n de calle Dr. Ostornol con Avenida Las Torres.<\/p>\n\n\n\n<p>SANTIAGO.- Al llegar al lugar, personal de Carabineros<br>fiscaliz\u00f3 el inmueble y logr\u00f3 la detenci\u00f3n de dos sujetos por<br>porte ilegal de arma de fuego. En la casa, la polic\u00eda<br>encontr\u00f3 a un tercer hombre con un impacto de bala en la<br>espalda. La v\u00edctima, que estaba consciente y fuera de riesgo<br>vital, fue trasladada por personal de Carabineros hasta el<br>Hospital San Jos\u00e9 para recibir atenci\u00f3n m\u00e9dica de urgencia.<\/p>\n","protected":false},"excerpt":{"rendered":"<p>SANTIAGO.- El ministerio de Energ\u00eda inform\u00f3 la salida de lasocialista Sandra Maldonado como seremi de la Regi\u00f3n deAys\u00e9n. Esto, despu\u00e9s de las cr\u00edticas que recibi\u00f3 trasconocerse antiguas publicaciones de ella&#8230; <a class=\"read-more\" href=\"https:\/\/www.radiopresidenteibanez.cl\/web\/boletin-informativo-orbe-65\/\">Leer m\u00e1s<\/a><\/p>\n","protected":false},"author":2,"featured_media":58494,"comment_status":"closed","ping_status":"closed","sticky":false,"template":"","format":"standard","meta":{"footnotes":""},"categories":[1],"tags":[],"class_list":["post-58493","post","type-post","status-publish","format-standard","has-post-thumbnail","hentry","category-cronica"],"_links":{"self":[{"href":"https:\/\/www.radiopresidenteibanez.cl\/web\/wp-json\/wp\/v2\/posts\/58493","targetHints":{"allow":["GET"]}}],"collection":[{"href":"https:\/\/www.radiopresidenteibanez.cl\/web\/wp-json\/wp\/v2\/posts"}],"about":[{"href":"https:\/\/www.radiopresidenteibanez.cl\/web\/wp-json\/wp\/v2\/types\/post"}],"author":[{"embeddable":true,"href":"https:\/\/www.radiopresidenteibanez.cl\/web\/wp-json\/wp\/v2\/users\/2"}],"replies":[{"embeddable":true,"href":"https:\/\/www.radiopresidenteibanez.cl\/web\/wp-json\/wp\/v2\/comments?post=58493"}],"version-history":[{"count":0,"href":"https:\/\/www.radiopresidenteibanez.cl\/web\/wp-json\/wp\/v2\/posts\/58493\/revisions"}],"wp:featuredmedia":[{"embeddable":true,"href":"https:\/\/www.radiopresidenteibanez.cl\/web\/wp-json\/wp\/v2\/media\/58494"}],"wp:attachment":[{"href":"https:\/\/www.radiopresidenteibanez.cl\/web\/wp-json\/wp\/v2\/media?parent=58493"}],"wp:term":[{"taxonomy":"category","embeddable":true,"href":"https:\/\/www.radiopresidenteibanez.cl\/web\/wp-json\/wp\/v2\/categories?post=58493"},{"taxonomy":"post_tag","embeddable":true,"href":"https:\/\/www.radiopresidenteibanez.cl\/web\/wp-json\/wp\/v2\/tags?post=58493"}],"curies":[{"name":"wp","href":"https:\/\/api.w.org\/{rel}","templated":true}]}}