{"id":58489,"date":"2025-08-27T09:17:57","date_gmt":"2025-08-27T12:17:57","guid":{"rendered":"https:\/\/www.radiopresidenteibanez.cl\/web\/?p=58489"},"modified":"2025-08-27T09:28:46","modified_gmt":"2025-08-27T12:28:46","slug":"sindicato-de-trabajadores-de-enap-magallanes-entrega-propuesta-a-la-candidata-presidencial-jeannette-jara","status":"publish","type":"post","link":"https:\/\/www.radiopresidenteibanez.cl\/web\/sindicato-de-trabajadores-de-enap-magallanes-entrega-propuesta-a-la-candidata-presidencial-jeannette-jara\/","title":{"rendered":"Sindicato de Trabajadores de Enap Magallanes entrega propuesta a la candidata presidencial Jeannette Jara"},"content":{"rendered":"\n<p>El Sindicato de Trabajadores de ENAP Magallanes asisti\u00f3 a un evento que fue convocado<br>por diversas organizaciones sociales con la presencia de la candidata Jeanette Jara en el<br>centro comunitario y con una presencia de 150 personas. En esta instancia el sindicato<br>entreg\u00f3 una propuesta program\u00e1tica a la candidata en su visita a Magallanes, abordando<br>prioridades regionales y garant\u00edas laborales en las empresas del Estado.<br>La delegaci\u00f3n sindical expuso a la candidata propuestas concretas orientadas con el fin de<br>aumentar la inversi\u00f3n p\u00fablica y la inyecci\u00f3n de recursos destinados al desarrollo regional<br>para Enap Magallanes. Fortalecer pol\u00edticas de seguridad laboral y buen trato dentro de las<br>empresas estatales. Reforzar el compromiso de ENAP con la comunidad y la<br>responsabilidad social empresarial.<br>El sindicato declar\u00f3: \u201caprovechamos de conversar unos minutos con la candidata<br>presidencial sobre dos asuntos que consideramos prioritarios. La mayor inyecci\u00f3n de<br>recursos para la regi\u00f3n y garant\u00edas de buen trato y seguridad al interior de nuestra empresa\u201d.<br>El Sindicato de los petroleros magall\u00e1nicos destac\u00f3 adem\u00e1s la excelencia, dedicaci\u00f3n y<br>compromiso de las y los trabajadores de ENAP con la comunidad regional y la labor social<br>que han desarrollado a lo largo de todo este tiempo ya que la casa comunitaria se facilita a<br>m\u00e1s de 20 organizaciones sociales y estamos dispuestos al di\u00e1logo con el mundo pol\u00edtico<br>sin distinci\u00f3n para que conozcan el desarrollo de una empresa que nos pertenece a todos y<br>para avanzar en pol\u00edticas qu\u00e9 promuevan el desarrollo, empleo digno y seguridad en el<br>trabajo.<\/p>\n","protected":false},"excerpt":{"rendered":"<p>El Sindicato de Trabajadores de ENAP Magallanes asisti\u00f3 a un evento que fue convocadopor diversas organizaciones sociales con la presencia de la candidata Jeanette Jara en elcentro comunitario y con&#8230; <a class=\"read-more\" href=\"https:\/\/www.radiopresidenteibanez.cl\/web\/sindicato-de-trabajadores-de-enap-magallanes-entrega-propuesta-a-la-candidata-presidencial-jeannette-jara\/\">Leer m\u00e1s<\/a><\/p>\n","protected":false},"author":2,"featured_media":58490,"comment_status":"closed","ping_status":"closed","sticky":false,"template":"","format":"standard","meta":{"footnotes":""},"categories":[1],"tags":[],"class_list":["post-58489","post","type-post","status-publish","format-standard","has-post-thumbnail","hentry","category-cronica"],"_links":{"self":[{"href":"https:\/\/www.radiopresidenteibanez.cl\/web\/wp-json\/wp\/v2\/posts\/58489","targetHints":{"allow":["GET"]}}],"collection":[{"href":"https:\/\/www.radiopresidenteibanez.cl\/web\/wp-json\/wp\/v2\/posts"}],"about":[{"href":"https:\/\/www.radiopresidenteibanez.cl\/web\/wp-json\/wp\/v2\/types\/post"}],"author":[{"embeddable":true,"href":"https:\/\/www.radiopresidenteibanez.cl\/web\/wp-json\/wp\/v2\/users\/2"}],"replies":[{"embeddable":true,"href":"https:\/\/www.radiopresidenteibanez.cl\/web\/wp-json\/wp\/v2\/comments?post=58489"}],"version-history":[{"count":0,"href":"https:\/\/www.radiopresidenteibanez.cl\/web\/wp-json\/wp\/v2\/posts\/58489\/revisions"}],"wp:featuredmedia":[{"embeddable":true,"href":"https:\/\/www.radiopresidenteibanez.cl\/web\/wp-json\/wp\/v2\/media\/58490"}],"wp:attachment":[{"href":"https:\/\/www.radiopresidenteibanez.cl\/web\/wp-json\/wp\/v2\/media?parent=58489"}],"wp:term":[{"taxonomy":"category","embeddable":true,"href":"https:\/\/www.radiopresidenteibanez.cl\/web\/wp-json\/wp\/v2\/categories?post=58489"},{"taxonomy":"post_tag","embeddable":true,"href":"https:\/\/www.radiopresidenteibanez.cl\/web\/wp-json\/wp\/v2\/tags?post=58489"}],"curies":[{"name":"wp","href":"https:\/\/api.w.org\/{rel}","templated":true}]}}