{"id":58485,"date":"2025-08-26T14:24:00","date_gmt":"2025-08-26T17:24:00","guid":{"rendered":"https:\/\/www.radiopresidenteibanez.cl\/web\/?p=58485"},"modified":"2025-08-26T11:37:18","modified_gmt":"2025-08-26T14:37:18","slug":"seremi-y-servicio-de-salud-de-magallanes-impulsan-formacion-en-tea-con-aporte-de-la-comuna-de-la-florida-lider-en-el-pais-en-esta-tematica","status":"publish","type":"post","link":"https:\/\/www.radiopresidenteibanez.cl\/web\/seremi-y-servicio-de-salud-de-magallanes-impulsan-formacion-en-tea-con-aporte-de-la-comuna-de-la-florida-lider-en-el-pais-en-esta-tematica\/","title":{"rendered":"SEREMI Y SERVICIO DE SALUD DE MAGALLANES IMPULSAN FORMACI\u00d3N EN TEA CON APORTE DE LA COMUNA DE LA FLORIDA, L\u00cdDER EN EL PA\u00cdS EN ESTA TEMATICA"},"content":{"rendered":"\n<p>Con el objetivo de actualizar conocimientos sobre la tem\u00e1tica del Autismo, a fin de fortalecer la pesquisa precoz y diagn\u00f3stico oportuno de esta condici\u00f3n, la SEREMI de Salud junto al Servicio de Salud de Magallanes est\u00e1n desarrollando diversas capacitaciones dirigidas al personal de salud de Magallanes.<br>La primera jornada, realizada hoy, lunes 25, en el CADI-UMAG, reuni\u00f3 a un centenar de profesionales, principalmente de la Atenci\u00f3n Primaria de Salud APS, tuvo por expositoras a la jefa unidad de Neurolog\u00eda infantil del Hospital de La Florida, Dra. Paula Le\u00f3n; a la coordinadora de la sala de rehabilitaci\u00f3n La Florida TEAcompa\u00f1a, Katherine Hern\u00e1ndez y a la jefa de Neurolog\u00eda Infantil del Hospital Cl\u00ednico de Magallanes, Dra. Loreto Llano.<br>En la oportunidad, las especialistas abordaron tem\u00e1ticas como diagn\u00f3stico diferencial, se\u00f1ales de<br>autismo, importancia de la detecci\u00f3n temprana, entre otras; compartiendo de igual forma, la experiencia de trabajo en la comuna de La Florida, considerada pionera en el pa\u00eds, en el tratamiento y la inclusi\u00f3n de pacientes con esta condici\u00f3n, al contar con diversos programas e iniciativas destinados a apoyar a personas con Trastorno del Espectro Autista (TEA), como Sala de Rehabilitaci\u00f3n TEA infantoadolescente y otros centros terap\u00e9uticos que ofrecen atenci\u00f3n multidisciplinaria a menores y adultos.<br>Consultada por la jornada, la directora del Servicio de Salud Magallanes, Ver\u00f3nica Y\u00e1\u00f1ez, coment\u00f3 que este tipo de iniciativas son fundamentales para robustecer los conocimientos de las profesionales de la Red, en el marco de la Ley, a la vez de conocer otras experiencias que insumen la gesti\u00f3n local. \u201cHoy contamos con expositoras del Hospital y de la comuna de La Florida, que vienen a fortalecer y a transmitirnos su experiencia desde la implementaci\u00f3n de la Ley de Autismo, lo que nosotros ya hemos desarrollado en el CESFAM Fenton y ahora, en el CESFAM Juan Lozic de Natales, expandiendo tambi\u00e9n nuestra capacidad para generar diagn\u00f3sticos oportunos, pesquisas oportunas y con esto, un tratamiento que sea acorde a lo que cada usuario\/a y sus familias necesitan, porque sabemos y reconocemos que no s\u00f3lo debemos formar en intervenci\u00f3n del paciente, sino tambi\u00e9n en su entorno familiar, que es parte de la recuperaci\u00f3n de las personas con trastorno y espectro autismo\u201d, indic\u00f3 la autoridad de salud.<br>La Dra. Paola Le\u00f3n, jefe de Neurolog\u00eda Infantil Hospital Elo\u00edsa D\u00edaz y especialista en autismo, explic\u00f3 que frente a esta tem\u00e1tica, \u201dlo que hemos ido aprendiendo, principalmente, adem\u00e1s de lo t\u00e9cnico obviamente, es que la uni\u00f3n hace la fuerza o sea, necesitamos de todos los actores que trabajan con los ni\u00f1os, ni\u00f1as y adolescentes autistas para poder triunfar y hacer fuerza, no solo en la Ley, no solo la familia, no solo los m\u00e9dicos y los terapeutas, sino que todos en acci\u00f3n conjunta vamos a lograr que el autismo sea una tem\u00e1tica bien abordada, con conocimiento cient\u00edfico y con mejor\u00eda de las familias que viven el autismo\u201d.<br>En el marco de la implementaci\u00f3n de la Ley TEA, la especialista se\u00f1al\u00f3 que, \u201cla capacitaci\u00f3n es una de las cosas m\u00e1s importantes, es que llegue a todo Chile, no solamente en la zona de Santiago, aunque tambi\u00e9n tenemos falencia en Santiago, yo creo que la capacitaci\u00f3n de los equipos y actuar en red es uno de los desaf\u00edos, porque no sacamos nada que la ley traiga gente a los servicios si estamos actuando en isla.<br>Tenemos que actuar en forma con conocimiento y en red\u201d. En este sentido, agreg\u00f3 que se pueden<br>proponer capacitaciones a nivel general con pasant\u00edas en los diferentes hospitales de regiones, con expertos de todo Chile, no solamente en Santiago, hay tambi\u00e9n en Valpara\u00edso, profesionales con mucha experiencia que pueden ayudar a las regiones m\u00e1s distantes de Santiago en esta tem\u00e1tica.<\/p>\n\n\n\n<p>Por su parte, Vivian Garay, jefe de salud p\u00fablica de la Seremi de Salud, destac\u00f3 la jornada de capacitaci\u00f3n por contribuir al conocimiento y permitir conocer otras experiencias. \u201cTrataremos de repetir estascapacitaciones para que los equipos puedan ir aprendiendo m\u00e1s, teniendo mayor experiencia y as\u00ed poder dar mejores prestaciones en salud a los ni\u00f1os y adolescentes con esta condici\u00f3n, para que puedan insertarse en este mundo y as\u00ed tratar de que el influir en la familia, tratar de influir en la comunidad y por, sobre todo, para que sean m\u00e1s felices\u201d, puntualiz\u00f3.<br>Consignar que, en el marco de implementaci\u00f3n de la Ley N\u00b0 21.545 o Ley TEA sobre la atenci\u00f3n de salud, a trav\u00e9s de un convenio PRAPS entre el Servicio de Salud Magallanes y las municipalidades de Punta Arenas y Puerto Natales, se ha implementado el Programa de Reforzamiento de Atenci\u00f3n Integral al Desarrollo Infanto adolescente, cuyo objetivo es garantizar el acceso a una atenci\u00f3n integral, tendiente a mejorar y\/o mantener la participaci\u00f3n en la comunidad, la salud y calidad de vida de ni\u00f1os\/as y adolescentes con alteraciones en su desarrollo integral, en especial a NNA con sospecha o diagn\u00f3stico de autismo; materializ\u00e1ndose a trav\u00e9s de equipo profesional y sala multisensorial.<br>En Magallanes, el Diagn\u00f3stico Regional TEA a\u00f1o 2023, registra 1.250 ni\u00f1os\/as y adolescentes con<br>diagn\u00f3stico confirmado de Autismo, concentr\u00e1ndose en la comuna de Punta Arenas seguido por la comuna de Puerto Natales.<\/p>\n","protected":false},"excerpt":{"rendered":"<p>Con el objetivo de actualizar conocimientos sobre la tem\u00e1tica del Autismo, a fin de fortalecer la pesquisa precoz y diagn\u00f3stico oportuno de esta condici\u00f3n, la SEREMI de Salud junto al&#8230; <a class=\"read-more\" href=\"https:\/\/www.radiopresidenteibanez.cl\/web\/seremi-y-servicio-de-salud-de-magallanes-impulsan-formacion-en-tea-con-aporte-de-la-comuna-de-la-florida-lider-en-el-pais-en-esta-tematica\/\">Leer m\u00e1s<\/a><\/p>\n","protected":false},"author":2,"featured_media":58486,"comment_status":"closed","ping_status":"closed","sticky":false,"template":"","format":"standard","meta":{"footnotes":""},"categories":[1],"tags":[],"class_list":["post-58485","post","type-post","status-publish","format-standard","has-post-thumbnail","hentry","category-cronica"],"_links":{"self":[{"href":"https:\/\/www.radiopresidenteibanez.cl\/web\/wp-json\/wp\/v2\/posts\/58485","targetHints":{"allow":["GET"]}}],"collection":[{"href":"https:\/\/www.radiopresidenteibanez.cl\/web\/wp-json\/wp\/v2\/posts"}],"about":[{"href":"https:\/\/www.radiopresidenteibanez.cl\/web\/wp-json\/wp\/v2\/types\/post"}],"author":[{"embeddable":true,"href":"https:\/\/www.radiopresidenteibanez.cl\/web\/wp-json\/wp\/v2\/users\/2"}],"replies":[{"embeddable":true,"href":"https:\/\/www.radiopresidenteibanez.cl\/web\/wp-json\/wp\/v2\/comments?post=58485"}],"version-history":[{"count":0,"href":"https:\/\/www.radiopresidenteibanez.cl\/web\/wp-json\/wp\/v2\/posts\/58485\/revisions"}],"wp:featuredmedia":[{"embeddable":true,"href":"https:\/\/www.radiopresidenteibanez.cl\/web\/wp-json\/wp\/v2\/media\/58486"}],"wp:attachment":[{"href":"https:\/\/www.radiopresidenteibanez.cl\/web\/wp-json\/wp\/v2\/media?parent=58485"}],"wp:term":[{"taxonomy":"category","embeddable":true,"href":"https:\/\/www.radiopresidenteibanez.cl\/web\/wp-json\/wp\/v2\/categories?post=58485"},{"taxonomy":"post_tag","embeddable":true,"href":"https:\/\/www.radiopresidenteibanez.cl\/web\/wp-json\/wp\/v2\/tags?post=58485"}],"curies":[{"name":"wp","href":"https:\/\/api.w.org\/{rel}","templated":true}]}}