{"id":58482,"date":"2025-08-26T12:11:00","date_gmt":"2025-08-26T15:11:00","guid":{"rendered":"https:\/\/www.radiopresidenteibanez.cl\/web\/?p=58482"},"modified":"2025-08-26T10:13:00","modified_gmt":"2025-08-26T13:13:00","slug":"sernameg-magallanes-valora-fallo-judicial-que-sentencio-a-cinco-anos-de-presidio-a-autor-de-violencia-de-genero","status":"publish","type":"post","link":"https:\/\/www.radiopresidenteibanez.cl\/web\/sernameg-magallanes-valora-fallo-judicial-que-sentencio-a-cinco-anos-de-presidio-a-autor-de-violencia-de-genero\/","title":{"rendered":"SernamEG Magallanes valora fallo judicial que sentenci\u00f3 a cinco a\u00f1os de presidio a autor de violencia de g\u00e9nero"},"content":{"rendered":"\n<p>El Servicio Nacional de la Mujer y la Equidad de G\u00e9nero en Magallanes valor\u00f3 la lectura de<br>sentencia efectuada este s\u00e1bado en contra del imputado Pedro Pablo Ag\u00fcero Orme\u00f1o por los<br>hechos ocurridos en mayo y septiembre de 2024 en Punta Arenas, dictada por el Tribunal de Juicio<br>Oral en lo Penal de Punta Arenas.<br>El juicio buscaba la responsabilidad penal del imputado por los delitos de femicidio tentado,<br>amenazas simples, da\u00f1os simples y violaci\u00f3n de morada en contexto de violencia intrafamiliar. \u201cLo<br>que en otra \u00e9poca se calificaba como lesiones graves, hoy gracias a la Ley Gabriela, que ampli\u00f3 la<br>definici\u00f3n y aument\u00f3 las penas, se puede calificar como femicidio en grado de tentado, cerrando<br>ventanas de impunidad y respondiendo a una demanda hist\u00f3rica de justicia de los movimientos de<br>mujeres\u201d, declar\u00f3 la directora regional del Servicio en Magallanes Pamela Leiva Burgos.<br>La directora explic\u00f3 que la instituci\u00f3n intervino en este caso representando a la v\u00edctima como<br>parte querellante, valorando adem\u00e1s el trabajo de Fiscal\u00eda y el fallo judicial que aplic\u00f3 pena<br>efectiva de presidio mayor en su grado m\u00ednimo para el agresor (5 a\u00f1os y un d\u00eda) por el delito de<br>femicidio tentado, entre otras penas:&nbsp;\u201cPara nosotras, los procesos judiciales son esenciales en la<br>reparaci\u00f3n de las mujeres sobrevivientes de violencia. En casos de violencia extrema, un fallo<br>condenatorio no solo sanciona, sino que tambi\u00e9n valida su experiencia y refuerza su derecho a<br>vivir vidas libres de violencia\u201d.<br>\u201cAdem\u00e1s, cuando los tribunales reconocen la violencia de g\u00e9nero, env\u00edan un mensaje claro: que<br>las mujeres no est\u00e1n solas. Y como Estado, nuestro deber es acompa\u00f1ar, proteger y respaldar a las<br>v\u00edctimas y sobrevivientes\u201d, a\u00f1adi\u00f3 la directora regional.<br>Cabe destacar que el SernamEG mantiene en la regi\u00f3n tres Centros de la Mujeres \u2013los que<br>entregan primera acogida con profesionales especializados en violencias de g\u00e9nero- en Punta<br>Arenas, Puerto Natales y Porvenir, en donde se brinda asesor\u00eda, apoyo jur\u00eddico, y psicosocial.<br>Adem\u00e1s, cuenta con una Residencia Transitoria para mujeres que presentan niveles de riesgo<br>alto\/vital; y un Centro de Atenci\u00f3n Especializada de Violencias de G\u00e9nero, para atenci\u00f3n integral y<br>reparaci\u00f3n a v\u00edctimas de violencia de g\u00e9nero grave o extrema.<\/p>\n\n\n\n<p>Por \u00faltimo, la directora regional reiter\u00f3 el llamado a utilizar las redes de apoyo disponibles: \u201cEs<br>fundamental que las mujeres sepan que no est\u00e1n solas. Pueden acercarse a los Centros de la<br>Mujer en Punta Arenas, Puerto Natales o Porvenir, donde encontrar\u00e1n orientaci\u00f3n, apoyo jur\u00eddico<br>y psicosocial. Frente a situaciones de violencia, lo m\u00e1s importante es denunciar ante Carabineros<br>(133) o la Polic\u00eda de Investigaciones (134). Y si requieren orientaci\u00f3n o informaci\u00f3n, el fono 1455<br>atiende de manera gratuita todos los d\u00edas entre las 08:00 y las 00:00 horas\u201d.<\/p>\n","protected":false},"excerpt":{"rendered":"<p>El Servicio Nacional de la Mujer y la Equidad de G\u00e9nero en Magallanes valor\u00f3 la lectura desentencia efectuada este s\u00e1bado en contra del imputado Pedro Pablo Ag\u00fcero Orme\u00f1o por loshechos&#8230; <a class=\"read-more\" href=\"https:\/\/www.radiopresidenteibanez.cl\/web\/sernameg-magallanes-valora-fallo-judicial-que-sentencio-a-cinco-anos-de-presidio-a-autor-de-violencia-de-genero\/\">Leer m\u00e1s<\/a><\/p>\n","protected":false},"author":2,"featured_media":58483,"comment_status":"closed","ping_status":"closed","sticky":false,"template":"","format":"standard","meta":{"footnotes":""},"categories":[1],"tags":[],"class_list":["post-58482","post","type-post","status-publish","format-standard","has-post-thumbnail","hentry","category-cronica"],"_links":{"self":[{"href":"https:\/\/www.radiopresidenteibanez.cl\/web\/wp-json\/wp\/v2\/posts\/58482","targetHints":{"allow":["GET"]}}],"collection":[{"href":"https:\/\/www.radiopresidenteibanez.cl\/web\/wp-json\/wp\/v2\/posts"}],"about":[{"href":"https:\/\/www.radiopresidenteibanez.cl\/web\/wp-json\/wp\/v2\/types\/post"}],"author":[{"embeddable":true,"href":"https:\/\/www.radiopresidenteibanez.cl\/web\/wp-json\/wp\/v2\/users\/2"}],"replies":[{"embeddable":true,"href":"https:\/\/www.radiopresidenteibanez.cl\/web\/wp-json\/wp\/v2\/comments?post=58482"}],"version-history":[{"count":0,"href":"https:\/\/www.radiopresidenteibanez.cl\/web\/wp-json\/wp\/v2\/posts\/58482\/revisions"}],"wp:featuredmedia":[{"embeddable":true,"href":"https:\/\/www.radiopresidenteibanez.cl\/web\/wp-json\/wp\/v2\/media\/58483"}],"wp:attachment":[{"href":"https:\/\/www.radiopresidenteibanez.cl\/web\/wp-json\/wp\/v2\/media?parent=58482"}],"wp:term":[{"taxonomy":"category","embeddable":true,"href":"https:\/\/www.radiopresidenteibanez.cl\/web\/wp-json\/wp\/v2\/categories?post=58482"},{"taxonomy":"post_tag","embeddable":true,"href":"https:\/\/www.radiopresidenteibanez.cl\/web\/wp-json\/wp\/v2\/tags?post=58482"}],"curies":[{"name":"wp","href":"https:\/\/api.w.org\/{rel}","templated":true}]}}