{"id":58479,"date":"2025-08-26T10:58:00","date_gmt":"2025-08-26T13:58:00","guid":{"rendered":"https:\/\/www.radiopresidenteibanez.cl\/web\/?p=58479"},"modified":"2025-08-26T10:07:17","modified_gmt":"2025-08-26T13:07:17","slug":"el-fosis-y-la-dedecon-realizan-charlas-online-para-apoyar-la-formalizacion-de-emprendimientos","status":"publish","type":"post","link":"https:\/\/www.radiopresidenteibanez.cl\/web\/el-fosis-y-la-dedecon-realizan-charlas-online-para-apoyar-la-formalizacion-de-emprendimientos\/","title":{"rendered":"El FOSIS y la Dedecon realizan charlas online para apoyar la formalizaci\u00f3n de emprendimientos"},"content":{"rendered":"\n<p>El Fondo de Solidaridad e Inversi\u00f3n Social, FOSIS, y la Defensor\u00eda del Contribuyente, Dedecon, han unido fuerzas para ofrecer&nbsp;<strong>charlas online gratuitas<\/strong>&nbsp;destinadas a orientar a personas emprendedoras vulnerables sobre el proceso de formalizaci\u00f3n de sus negocios.<\/p>\n\n\n\n<p>Estas charlas online tienen como objetivo proporcionar informaci\u00f3n y herramientas pr\u00e1cticas para que los emprendedores puedan formalizar sus negocios de manera efectiva y segura.<\/p>\n\n\n\n<p>El director nacional del FOSIS,&nbsp;<strong>Nicol\u00e1s Navarrete Hern\u00e1ndez<\/strong>, destac\u00f3 la relevancia que tienen este tipo de iniciativas, para apoyar en el inicio de la formalizaci\u00f3n a personas emprendedoras que est\u00e1n reci\u00e9n comenzando y que no cuentan con las herramientas necesarias: \u201cEl microemprendimiento como estrategia de generaci\u00f3n de ingresos para la superaci\u00f3n de la pobreza es un camino que miles de personas toman y para ello debemos generar instancias efectivas de educaci\u00f3n y orientaci\u00f3n. Por ello, estas charlas ejecutadas por la Dedecon se orientan para que emprendimientos peque\u00f1os cuenten con una primera informaci\u00f3n, con el objetivo de generar instancias de crecimiento para sus negocios\u201d.<\/p>\n\n\n\n<p>Por su parte, el Defensor Nacional del Contribuyente,&nbsp;<strong>Ricardo Pizarro<\/strong>, destac\u00f3 que \u201ccontamos con un equipo altamente especializado que trabaja por la defensa de los derechos de los contribuyentes y tambi\u00e9n fomenta la educaci\u00f3n tributaria a lo largo de todo el pa\u00eds. Para la Defensor\u00eda es importante brindar a las personas la educaci\u00f3n necesaria para que puedan cumplir con sus deberes informados y conozcan tambi\u00e9n sus derechos tributarios. Estamos realizando un trabajo especial con emprendedoras y emprendedores. Apoyamos en orientaci\u00f3n y acompa\u00f1amiento especializado en materia tributaria, enfocado en mujeres, pymes y tambi\u00e9n en personas que trabajan en ferias libres. Contamos con el Programa \u201cEmprendo Contigo\u201d, que es una instancia de gran ayuda para que las personas fortalezcan sus negocios\u201d.&nbsp;<\/p>\n\n\n\n<p>Entre los contenidos abordados en las charlas est\u00e1 la importancia que tiene la formalizaci\u00f3n, en donde se explican los pasos necesarios para formalizar un negocio, incluyendo la obtenci\u00f3n de permisos y licencias. Tambi\u00e9n, se destacan los beneficios de formalizar un negocio, como el acceso a cr\u00e9ditos y a los programas de apoyo existentes.&nbsp;<\/p>\n\n\n\n<p>Las charlas online son impartidas por expertos de la Dedecon y se puede acceder previa inscripci\u00f3n en&nbsp;<a href=\"http:\/\/www.fosis.gob.cl\/\" target=\"_blank\" rel=\"noreferrer noopener\">www.fosis.gob.cl<\/a>. Los participantes podr\u00e1n interactuar con los expositores a trav\u00e9s de preguntas y respuestas en vivo<\/p>\n\n\n\n<p><strong>Calendario&nbsp;<\/strong><\/p>\n\n\n\n<ul class=\"wp-block-list\">\n<li>Formalizaci\u00f3n microempresa familiar (29 de agosto)<\/li>\n\n\n\n<li>Participaci\u00f3n en ferias y medio de pago electr\u00f3nico (4 de septiembre)<\/li>\n\n\n\n<li>Tributaci\u00f3n simplificada peque\u00f1os contribuyentes (10 de septiembre<\/li>\n\n\n\n<li>Ciclo de vida del contribuyente (16 de septiembre)<\/li>\n<\/ul>\n\n\n\n<p><strong>Panorama de la informalidad<\/strong><\/p>\n\n\n\n<p>De las m\u00e1s de&nbsp;<strong>30.000 personas<\/strong>&nbsp;que anualmente atiende el FOSIS en sus programas de emprendimiento, en su mayor\u00eda, son mujeres jefas de hogar (77%); con ingresos aut\u00f3nomos menores a $500.000 pesos mensuales y que no se han formalizado (85%). A esto, se suman datos del Instituto Nacional de Estad\u00edsticas (INE) que indican que&nbsp;<strong>ocho de cada diez microemprendedores formales o informales<\/strong>&nbsp;no cotiza en AFP y la mayor\u00eda, tampoco lo hace en salud.<\/p>\n\n\n\n<p>La informalidad tiene una presencia mayor en tres grupos poblacionales:&nbsp;<strong>mujeres, j\u00f3venes entre 15 y 24 a\u00f1os y personas mayores.<\/strong><\/p>\n\n\n\n<p>Junto con ello y de acuerdo con datos generados por FOSIS,&nbsp;<strong>un 42%<\/strong>&nbsp;de los postulantes a programas de microemprendimiento consideran que el proceso de formalizaci\u00f3n es lento, costoso o poco comprensible.<\/p>\n","protected":false},"excerpt":{"rendered":"<p>El Fondo de Solidaridad e Inversi\u00f3n Social, FOSIS, y la Defensor\u00eda del Contribuyente, Dedecon, han unido fuerzas para ofrecer&nbsp;charlas online gratuitas&nbsp;destinadas a orientar a personas emprendedoras vulnerables sobre el proceso&#8230; <a class=\"read-more\" href=\"https:\/\/www.radiopresidenteibanez.cl\/web\/el-fosis-y-la-dedecon-realizan-charlas-online-para-apoyar-la-formalizacion-de-emprendimientos\/\">Leer m\u00e1s<\/a><\/p>\n","protected":false},"author":2,"featured_media":58480,"comment_status":"closed","ping_status":"closed","sticky":false,"template":"","format":"standard","meta":{"footnotes":""},"categories":[1],"tags":[],"class_list":["post-58479","post","type-post","status-publish","format-standard","has-post-thumbnail","hentry","category-cronica"],"_links":{"self":[{"href":"https:\/\/www.radiopresidenteibanez.cl\/web\/wp-json\/wp\/v2\/posts\/58479","targetHints":{"allow":["GET"]}}],"collection":[{"href":"https:\/\/www.radiopresidenteibanez.cl\/web\/wp-json\/wp\/v2\/posts"}],"about":[{"href":"https:\/\/www.radiopresidenteibanez.cl\/web\/wp-json\/wp\/v2\/types\/post"}],"author":[{"embeddable":true,"href":"https:\/\/www.radiopresidenteibanez.cl\/web\/wp-json\/wp\/v2\/users\/2"}],"replies":[{"embeddable":true,"href":"https:\/\/www.radiopresidenteibanez.cl\/web\/wp-json\/wp\/v2\/comments?post=58479"}],"version-history":[{"count":0,"href":"https:\/\/www.radiopresidenteibanez.cl\/web\/wp-json\/wp\/v2\/posts\/58479\/revisions"}],"wp:featuredmedia":[{"embeddable":true,"href":"https:\/\/www.radiopresidenteibanez.cl\/web\/wp-json\/wp\/v2\/media\/58480"}],"wp:attachment":[{"href":"https:\/\/www.radiopresidenteibanez.cl\/web\/wp-json\/wp\/v2\/media?parent=58479"}],"wp:term":[{"taxonomy":"category","embeddable":true,"href":"https:\/\/www.radiopresidenteibanez.cl\/web\/wp-json\/wp\/v2\/categories?post=58479"},{"taxonomy":"post_tag","embeddable":true,"href":"https:\/\/www.radiopresidenteibanez.cl\/web\/wp-json\/wp\/v2\/tags?post=58479"}],"curies":[{"name":"wp","href":"https:\/\/api.w.org\/{rel}","templated":true}]}}