{"id":58476,"date":"2025-08-26T09:43:00","date_gmt":"2025-08-26T12:43:00","guid":{"rendered":"https:\/\/www.radiopresidenteibanez.cl\/web\/?p=58476"},"modified":"2025-08-26T09:40:03","modified_gmt":"2025-08-26T12:40:03","slug":"gobierno-regional-y-sag-magallanes-firmaron-convenio-para-reposicion-de-equipo-de-rayos-x-en-aeropuerto-carlos-ibanez-del-campo","status":"publish","type":"post","link":"https:\/\/www.radiopresidenteibanez.cl\/web\/gobierno-regional-y-sag-magallanes-firmaron-convenio-para-reposicion-de-equipo-de-rayos-x-en-aeropuerto-carlos-ibanez-del-campo\/","title":{"rendered":"Gobierno Regional y SAG Magallanes firmaron convenio para reposici\u00f3n de equipo de Rayos X en Aeropuerto Carlos Ib\u00e1\u00f1ez del Campo"},"content":{"rendered":"\n<p>Con el objetivo de fortalecer la labor de protecci\u00f3n fito y zoosanitaria del pa\u00eds y agilizar los procesos de control fronterizo, el&nbsp;<strong>Gobierno Regional de Magallanes<\/strong>y el<strong>Servicio Agr\u00edcola y Ganadero (SAG)<\/strong>&nbsp;firmaron un convenio que permitir\u00e1 financiar la&nbsp;<strong>reposici\u00f3n del equipo de Rayos X del Aeropuerto Internacional Carlos Ib\u00e1\u00f1ez del Campo<\/strong><strong>.<\/strong><strong><\/strong><\/p>\n\n\n\n<p>El proyecto considera una inversi\u00f3n cercana a los&nbsp;<strong>100 millones de pesos<\/strong>, recursos que permitir\u00e1n contar con un moderno equipo de inspecci\u00f3n no intrusiva, clave para el trabajo que el SAG realiza en este control fronterizo a\u00e9reo, el m\u00e1s importante de la regi\u00f3n.<\/p>\n\n\n\n<p>La directora regional de SAG Magallanes, Paula Quiero Le\u00f3n, se refiri\u00f3 al tipo de tecnolog\u00eda con que cuenta el Servicio en la regi\u00f3n explicando&nbsp;\u201cactualmente contamos con cuatro m\u00e1quinas de Rayos X distribuidas en pasos fronterizos terrestres. Esta nueva adquisici\u00f3n, se trata de la reposici\u00f3n de la m\u00e1quina que se encontraba en el aeropuerto de Punta Arenas y que estaba inoperativa desde el 2023. Nuestro objetivo es que esta tecnolog\u00eda est\u00e9 presente en todos los puntos de control, porque la modernizaci\u00f3n implica avance y eficiencia. Los pa\u00edses desarrollados han demostrado que invertir en tecnolog\u00eda permite minimizar riesgos y optimizar funciones, y en esa misma direcci\u00f3n es hacia donde debemos avanzar como Servicio.\u201d<\/p>\n\n\n\n<p>\u201cCuando hablamos de riesgo fito y zoosanitario, nos referimos al ingreso de cualquier material de origen vegetal o animal que pueda portar plagas o enfermedades, ya sea ausentes en Chile o bajo control oficial, y que podr\u00edan impactar nuestra producci\u00f3n agr\u00edcola o ganadera. Esto incluye, por ejemplo, semillas, esquejes, carnes, quesos o legumbres., puntualiz\u00f3 la directora.<\/p>\n\n\n\n<p>El equipo de Rayos X es fundamental para la&nbsp;<strong>facilitaci\u00f3n de los procesos inspectivos<\/strong>, ya que permite acortar tiempos de revisi\u00f3n, aumentar la eficiencia y seguridad de las inspecciones de equipaje, y reducir la percepci\u00f3n de espera en los pasajeros. Esto cobra especial relevancia en un aeropuerto que recibe vuelos internacionales vinculados al turismo y a expediciones cient\u00edficas con destino a la Ant\u00e1rtica, consolidando a&nbsp;<strong>Punta Arenas como puerta de entrada al continente blanco y destino tur\u00edstico de relevancia mundial<\/strong><strong>.<\/strong><\/p>\n\n\n\n<p>Por su parte, la Seremi de Agricultura, Irene Ram\u00edrez M\u00e9rida, reconoci\u00f3 y valor\u00f3 el importante aporte que entrega el Gobierno regional a la instituci\u00f3n de la cartera que lidera, se\u00f1alando \u201cesta m\u00e1quina permitir\u00e1 optimizar tiempos, recursos humanos y la calidad de atenci\u00f3n a los usuarios que arriban al aeropuerto internacional. Solo en 2024 ingresaron m\u00e1s de 7.000 personas y, a la fecha, este a\u00f1o ya superamos las 5.000, lo que refleja un creciente flujo en un punto estrat\u00e9gico: puerta de entrada a la Ant\u00e1rtica, al turismo, enlace con las islas Malvinas y plataforma de operaciones para fuerzas armadas de Brasil y Uruguay. Con esta tecnolog\u00eda fortalecemos el rol del SAG, haciendo m\u00e1s eficiente la labor de resguardar y proteger el patrimonio fito y zoosanitario que distingue a Chile en el mundo y en los mercados internacionales\u201d.<\/p>\n\n\n\n<p>En este sentido, el Gobernador Regional Jorge Flies A\u00f1\u00f3n, se refiri\u00f3 a la potencial apertura de nuevas rutas de vuelo entre Brasil y Magallanes se\u00f1alando \u201cestamos con mucha fuerza impulsando el poder tener contacto directo entre Sao Paulo y Punta Arenas, y puede ser tambi\u00e9n entre Sao Paulo &#8211; Natales. Para que esto ocurra, tenemos que habilitar a las instituciones para el control. Entonces, no solamente es pedir, sino que es ser capaces, con las instituciones, de habilitar, en este caso los aeropuertos y nuestros pasos fronterizos y eso es lo que hoy d\u00eda estamos haciendo con el aeropuerto Carlos Ib\u00e1\u00f1ez del Campo, y felicito a SAG y a Agricultura por un proyecto presentado intachablemente\u201d.<\/p>\n\n\n\n<p>Igualmente hizo menci\u00f3n al trabajo interinstitucional que se lleva a cabo en frontera, indicando \u201clas \u00e1reas fronterizas son trabajadas entre el SAG, Polic\u00eda de Investigaciones, y tambi\u00e9n Aduana. Si el SAG o Aduana o PDI, por sus mecanismos, pesquisa algo ya sea fitosanitario o de seguridad, por ejemplo, droga, se coordinan entre las instituciones, y el hecho que SAG tenga el control y el paso de todo el material a trav\u00e9s de este equipo de rayos tambi\u00e9n nos va a permitir decirle al mundo: sabe que ac\u00e1 no solamente tenemos control sanitario, sino que mejoramos nuestras condiciones de seguridad de la regi\u00f3n\u201d.<\/p>\n\n\n\n<p>Cabe se\u00f1alar, que durante el mes de julio de 2025 se aprobaron las bases administrativas y t\u00e9cnicas para la licitaci\u00f3n p\u00fablica. A la fecha, el proceso cuenta con dos ofertas en an\u00e1lisis, previ\u00e9ndose la adjudicaci\u00f3n del equipo hacia fines de agosto del presente a\u00f1o.<\/p>\n\n\n\n<p>Con esta reposici\u00f3n, el SAG Magallanes refuerza su compromiso de resguardar la sanidad animal y vegetal del pa\u00eds, respondiendo a los est\u00e1ndares internacionales que exige un control fronterizo estrat\u00e9gico y aportando a la imagen de la regi\u00f3n como un territorio confiable, moderno y preparado para recibir visitantes de todo el mundo.<\/p>\n","protected":false},"excerpt":{"rendered":"<p>Con el objetivo de fortalecer la labor de protecci\u00f3n fito y zoosanitaria del pa\u00eds y agilizar los procesos de control fronterizo, el&nbsp;Gobierno Regional de Magallanesy elServicio Agr\u00edcola y Ganadero (SAG)&nbsp;firmaron&#8230; <a class=\"read-more\" href=\"https:\/\/www.radiopresidenteibanez.cl\/web\/gobierno-regional-y-sag-magallanes-firmaron-convenio-para-reposicion-de-equipo-de-rayos-x-en-aeropuerto-carlos-ibanez-del-campo\/\">Leer m\u00e1s<\/a><\/p>\n","protected":false},"author":2,"featured_media":58477,"comment_status":"closed","ping_status":"closed","sticky":false,"template":"","format":"standard","meta":{"footnotes":""},"categories":[1],"tags":[],"class_list":["post-58476","post","type-post","status-publish","format-standard","has-post-thumbnail","hentry","category-cronica"],"_links":{"self":[{"href":"https:\/\/www.radiopresidenteibanez.cl\/web\/wp-json\/wp\/v2\/posts\/58476","targetHints":{"allow":["GET"]}}],"collection":[{"href":"https:\/\/www.radiopresidenteibanez.cl\/web\/wp-json\/wp\/v2\/posts"}],"about":[{"href":"https:\/\/www.radiopresidenteibanez.cl\/web\/wp-json\/wp\/v2\/types\/post"}],"author":[{"embeddable":true,"href":"https:\/\/www.radiopresidenteibanez.cl\/web\/wp-json\/wp\/v2\/users\/2"}],"replies":[{"embeddable":true,"href":"https:\/\/www.radiopresidenteibanez.cl\/web\/wp-json\/wp\/v2\/comments?post=58476"}],"version-history":[{"count":0,"href":"https:\/\/www.radiopresidenteibanez.cl\/web\/wp-json\/wp\/v2\/posts\/58476\/revisions"}],"wp:featuredmedia":[{"embeddable":true,"href":"https:\/\/www.radiopresidenteibanez.cl\/web\/wp-json\/wp\/v2\/media\/58477"}],"wp:attachment":[{"href":"https:\/\/www.radiopresidenteibanez.cl\/web\/wp-json\/wp\/v2\/media?parent=58476"}],"wp:term":[{"taxonomy":"category","embeddable":true,"href":"https:\/\/www.radiopresidenteibanez.cl\/web\/wp-json\/wp\/v2\/categories?post=58476"},{"taxonomy":"post_tag","embeddable":true,"href":"https:\/\/www.radiopresidenteibanez.cl\/web\/wp-json\/wp\/v2\/tags?post=58476"}],"curies":[{"name":"wp","href":"https:\/\/api.w.org\/{rel}","templated":true}]}}