{"id":58472,"date":"2025-08-26T09:03:00","date_gmt":"2025-08-26T12:03:00","guid":{"rendered":"https:\/\/www.radiopresidenteibanez.cl\/web\/?p=58472"},"modified":"2025-08-26T09:33:14","modified_gmt":"2025-08-26T12:33:14","slug":"boletin-informativo-orbe-64","status":"publish","type":"post","link":"https:\/\/www.radiopresidenteibanez.cl\/web\/boletin-informativo-orbe-64\/","title":{"rendered":"BOLETIN INFORMATIVO ORBE"},"content":{"rendered":"\n<p>SANTIAGO.- El Gobierno confirm\u00f3 la noche del lunes que<br>ingres\u00f3 una querella criminal tras el atentado ocurrido el<br>fin de semana en Victoria, Regi\u00f3n de La Araucan\u00eda, que dej\u00f3<br>un trabajador muerto por impacto de bala. \u00abEsta es una<br>asociaci\u00f3n criminal que cometi\u00f3 un homicidio calificado,<br>antecedentes para terrorismo, esta forma parte de la<br>investigaci\u00f3n, lo vamos a ver, es un acto que provoca terror,<br>no cabe la m\u00e1s m\u00ednima duda\u00bb, se\u00f1al\u00f3 el ministro de Seguridad,<br>Luis Cordero.<\/p>\n\n\n\n<p>SAMTIAGO.-En la instancia, Cordero se refiri\u00f3 a la<br>posibilidad por parte del Ejecutivo de invocar la ley<br>Antiterrorista, lo cual no fue descartado por el secretario<br>de Estado. \u00abCada vez que nosotros tenemos antecedentes para<br>activarla, por cierto, lo hemos hecho. Pero lo relevante,<br>para no confundir a la poblaci\u00f3n, es que el Ejecutivo se ha<br>querellado por asociaci\u00f3n criminal con homicidio calificado\u00bb,<br>dijo Cordero.<\/p>\n\n\n\n<p>VALPARAISO.- La \u00faltima jornada un grupo de diputados de la<br>bancada UDI llamaron al Presidente Gabriel Boric y al<br>Ministerio de Relaciones Exteriores a respaldar las acciones<br>iniciadas por el gobierno de Estados Unidos en el Caribe en<br>rechazo del r\u00e9gimen de Nicol\u00e1s Maduro. La tensi\u00f3n entre ambas<br>naciones comenz\u00f3 a escalar luego que Estados Unidos decidiera<br>poner una recompensa de US$ 50 millones de d\u00f3lares por<br>cualquier informaci\u00f3n que conduzca a la captura de Maduro.<\/p>\n\n\n\n<p>VALPARAISO.- Luego, el presidente Donald Trump orden\u00f3 el<br>despliegue de tres buques de guerra en el mar del Caribe como<br>parte de la ofensiva contra carteles de narcotr\u00e1fico que<br>estar\u00edan asociados al r\u00e9gimen chavista. La ofensiva<br>estadounidense fue respaldada por Trinidad y Tobago, por lo<br>que los parlamentarios, liderados por los integrantes de las<br>comisiones de Relaciones Exteriores y Gobierno Interior,<br>decidieron llamar al Presidente Boric a emitir una<br>declaraci\u00f3n en la misma l\u00ednea.<\/p>\n\n\n\n<p>SANTIAGO.- An\u00edbal Mosa, presidente de Blanco y Negro, afirm\u00f3<br>que est\u00e1n trabajando con \u00abacelerador\u00bb para tener este<br>mi\u00e9rcoles, en la reuni\u00f3n de directorio, un nombre elegido<br>para que sea el nuevo director t\u00e9cnico de Colo Colo. \u00abEstamos<br>analizando lo distintos nombres, estamos trabajando para dar<br>a la brevedad con un t\u00e9cnico para Colo Colo. Tenemos varios<br>nombres que fueron presentados, los directores recibieron la<br>informaci\u00f3n este martes\u00bb, explic\u00f3 Mosa.<\/p>\n","protected":false},"excerpt":{"rendered":"<p>SANTIAGO.- El Gobierno confirm\u00f3 la noche del lunes queingres\u00f3 una querella criminal tras el atentado ocurrido elfin de semana en Victoria, Regi\u00f3n de La Araucan\u00eda, que dej\u00f3un trabajador muerto por&#8230; <a class=\"read-more\" href=\"https:\/\/www.radiopresidenteibanez.cl\/web\/boletin-informativo-orbe-64\/\">Leer m\u00e1s<\/a><\/p>\n","protected":false},"author":2,"featured_media":58473,"comment_status":"closed","ping_status":"closed","sticky":false,"template":"","format":"standard","meta":{"footnotes":""},"categories":[1],"tags":[],"class_list":["post-58472","post","type-post","status-publish","format-standard","has-post-thumbnail","hentry","category-cronica"],"_links":{"self":[{"href":"https:\/\/www.radiopresidenteibanez.cl\/web\/wp-json\/wp\/v2\/posts\/58472","targetHints":{"allow":["GET"]}}],"collection":[{"href":"https:\/\/www.radiopresidenteibanez.cl\/web\/wp-json\/wp\/v2\/posts"}],"about":[{"href":"https:\/\/www.radiopresidenteibanez.cl\/web\/wp-json\/wp\/v2\/types\/post"}],"author":[{"embeddable":true,"href":"https:\/\/www.radiopresidenteibanez.cl\/web\/wp-json\/wp\/v2\/users\/2"}],"replies":[{"embeddable":true,"href":"https:\/\/www.radiopresidenteibanez.cl\/web\/wp-json\/wp\/v2\/comments?post=58472"}],"version-history":[{"count":0,"href":"https:\/\/www.radiopresidenteibanez.cl\/web\/wp-json\/wp\/v2\/posts\/58472\/revisions"}],"wp:featuredmedia":[{"embeddable":true,"href":"https:\/\/www.radiopresidenteibanez.cl\/web\/wp-json\/wp\/v2\/media\/58473"}],"wp:attachment":[{"href":"https:\/\/www.radiopresidenteibanez.cl\/web\/wp-json\/wp\/v2\/media?parent=58472"}],"wp:term":[{"taxonomy":"category","embeddable":true,"href":"https:\/\/www.radiopresidenteibanez.cl\/web\/wp-json\/wp\/v2\/categories?post=58472"},{"taxonomy":"post_tag","embeddable":true,"href":"https:\/\/www.radiopresidenteibanez.cl\/web\/wp-json\/wp\/v2\/tags?post=58472"}],"curies":[{"name":"wp","href":"https:\/\/api.w.org\/{rel}","templated":true}]}}