{"id":58465,"date":"2025-08-25T17:19:00","date_gmt":"2025-08-25T20:19:00","guid":{"rendered":"https:\/\/www.radiopresidenteibanez.cl\/web\/?p=58465"},"modified":"2025-08-25T12:55:38","modified_gmt":"2025-08-25T15:55:38","slug":"29-organizaciones-sociales-de-puerto-natales-resultaron-favorecidas-con-el-fondo-concursable-de-aguas-magallanes-2025","status":"publish","type":"post","link":"https:\/\/www.radiopresidenteibanez.cl\/web\/29-organizaciones-sociales-de-puerto-natales-resultaron-favorecidas-con-el-fondo-concursable-de-aguas-magallanes-2025\/","title":{"rendered":"29 ORGANIZACIONES SOCIALES DE PUERTO NATALES RESULTARON FAVORECIDAS CON EL FONDO CONCURSABLE DE AGUAS MAGALLANES 2025"},"content":{"rendered":"\n<p>Con una ceremonia marcada por el reconocimiento al trabajo comunitario, Aguas Magallanes dio inicio en Puerto Natales a la entrega de recursos de su Fondo Concursable de Desarrollo Comunitario 2025, instancia que este a\u00f1o cont\u00f3 con un financiamiento total de $45 millones destinados a proyectos de organizaciones sociales de la regi\u00f3n. En esta primera actividad, 29 agrupaciones de la comuna fueron beneficiadas con aportes econ\u00f3micos para concretar proyectos orientados a favorecer actividades comunitarias, mejorar espacios y fomentar la participaci\u00f3n ciudadana. La ceremonia cont\u00f3 con la presencia de la alcaldesa de Puerto Natales, Ana Mayorga Bahamonde y representantes de la Delegaci\u00f3n Presidencial de \u00daltima Esperanza, quienes valoraron el aporte del fondo y su contribuci\u00f3n al fortalecimiento de las organizaciones sociales en la comuna.<\/p>\n\n\n\n<p>Durante la ceremonia, Christian Adema Galetovic, gerente regional de Aguas Magallanes, resalt\u00f3 la relevancia y continuidad de esta iniciativa, que desde hace 14 a\u00f1os ha beneficiado a cientos de agrupaciones sociales en la regi\u00f3n, convirti\u00e9ndose en una herramienta concreta para impulsar el liderazgo comunitario, fomentar la participaci\u00f3n ciudadana y generar un impacto real en los territorios. \u201cLo que buscamos con este fondo es estar presentes, no solo como instituci\u00f3n, sino como un vecino comprometido con las comunidades. Entregamos recursos, pero, sobre todo, apostamos por las personas, sus ideas y su capacidad de transformar positivamente su entorno\u201d.<\/p>\n\n\n\n<p>Una de las organizaciones beneficiadas fue la Junta de Vecinos N\u00b047 Leonardo E. Ariste Rold\u00e1n, que particip\u00f3 por primera vez en este fondo concursable. Janette Miranda, presidenta de la organizaci\u00f3n vecinal, comparti\u00f3 sus impresiones y valor\u00f3 el aporte de Aguas Magallanes. \u201cEs la primera vez que participamos como junta de vecinos y este apoyo nos permitir\u00e1 equipar nuestra sede, especialmente nuestra cocina. Estamos muy agradecidos porque este fondo reconoce el esfuerzo y nos impulsa a seguir adelante\u201d, destac\u00f3.<\/p>\n\n\n\n<p>Durante las pr\u00f3ximas semanas, la compa\u00f1\u00eda continuar\u00e1 con la entrega de recursos en las comunas de Porvenir, Puerto Williams y Punta Arenas, reafirmando su compromiso con el desarrollo inclusivo, participativo y equitativo en toda la Regi\u00f3n de Magallanes.<\/p>\n","protected":false},"excerpt":{"rendered":"<p>Con una ceremonia marcada por el reconocimiento al trabajo comunitario, Aguas Magallanes dio inicio en Puerto Natales a la entrega de recursos de su Fondo Concursable de Desarrollo Comunitario 2025,&#8230; <a class=\"read-more\" href=\"https:\/\/www.radiopresidenteibanez.cl\/web\/29-organizaciones-sociales-de-puerto-natales-resultaron-favorecidas-con-el-fondo-concursable-de-aguas-magallanes-2025\/\">Leer m\u00e1s<\/a><\/p>\n","protected":false},"author":2,"featured_media":58466,"comment_status":"closed","ping_status":"closed","sticky":false,"template":"","format":"standard","meta":{"footnotes":""},"categories":[1],"tags":[],"class_list":["post-58465","post","type-post","status-publish","format-standard","has-post-thumbnail","hentry","category-cronica"],"_links":{"self":[{"href":"https:\/\/www.radiopresidenteibanez.cl\/web\/wp-json\/wp\/v2\/posts\/58465","targetHints":{"allow":["GET"]}}],"collection":[{"href":"https:\/\/www.radiopresidenteibanez.cl\/web\/wp-json\/wp\/v2\/posts"}],"about":[{"href":"https:\/\/www.radiopresidenteibanez.cl\/web\/wp-json\/wp\/v2\/types\/post"}],"author":[{"embeddable":true,"href":"https:\/\/www.radiopresidenteibanez.cl\/web\/wp-json\/wp\/v2\/users\/2"}],"replies":[{"embeddable":true,"href":"https:\/\/www.radiopresidenteibanez.cl\/web\/wp-json\/wp\/v2\/comments?post=58465"}],"version-history":[{"count":0,"href":"https:\/\/www.radiopresidenteibanez.cl\/web\/wp-json\/wp\/v2\/posts\/58465\/revisions"}],"wp:featuredmedia":[{"embeddable":true,"href":"https:\/\/www.radiopresidenteibanez.cl\/web\/wp-json\/wp\/v2\/media\/58466"}],"wp:attachment":[{"href":"https:\/\/www.radiopresidenteibanez.cl\/web\/wp-json\/wp\/v2\/media?parent=58465"}],"wp:term":[{"taxonomy":"category","embeddable":true,"href":"https:\/\/www.radiopresidenteibanez.cl\/web\/wp-json\/wp\/v2\/categories?post=58465"},{"taxonomy":"post_tag","embeddable":true,"href":"https:\/\/www.radiopresidenteibanez.cl\/web\/wp-json\/wp\/v2\/tags?post=58465"}],"curies":[{"name":"wp","href":"https:\/\/api.w.org\/{rel}","templated":true}]}}