{"id":58462,"date":"2025-08-25T15:58:00","date_gmt":"2025-08-25T18:58:00","guid":{"rendered":"https:\/\/www.radiopresidenteibanez.cl\/web\/?p=58462"},"modified":"2025-08-25T12:48:44","modified_gmt":"2025-08-25T15:48:44","slug":"mas-de-350-empleos-ofrecera-la-feria-laboral-hayvacantes-2025-organizada-por-sence","status":"publish","type":"post","link":"https:\/\/www.radiopresidenteibanez.cl\/web\/mas-de-350-empleos-ofrecera-la-feria-laboral-hayvacantes-2025-organizada-por-sence\/","title":{"rendered":"M\u00e1s de 350 empleos ofrecer\u00e1 la Feria Laboral #HayVacantes 2025 organizada por Sence"},"content":{"rendered":"\n<p>Con m\u00e1s de 350 puestos de trabajo disponibles en rubros como comercio, turismo, pesca y construcci\u00f3n, este mi\u00e9rcoles 27 de agosto se realizar\u00e1 en el Gimnasio Carrera de Puerto Natales la Feria Laboral #HayVacantes 2025, organizada por el Servicio Nacional de Capacitaci\u00f3n y Empleo (Sence)&nbsp; y con la colaboraci\u00f3n de la Municipalidad de Natales.<\/p>\n\n\n\n<p>El anuncio fue realizado esta ma\u00f1ana en el Rodoviario de la ciudad, donde autoridades locales invitaron a la comunidad a participar de esta instancia gratuita de intermediaci\u00f3n laboral, que estar\u00e1 abierta entre las 9:30 y las 18:00 horas. Durante la jornada, 13 empresas ofrecer\u00e1n oportunidades laborales, recibiendo directamente a los postulantes.<\/p>\n\n\n\n<p>Como anticipo, en el mismo rodoviario se habilit\u00f3 un punto de inscripci\u00f3n de la Bolsa Nacional de Empleo (BNE), que permiti\u00f3 a los interesados adelantar este tr\u00e1mite y llegar preparados a la feria.<\/p>\n\n\n\n<p>Entre las novedades de esta versi\u00f3n se encuentra la experiencia \u201cArma tu Ruta\u201d, que entregar\u00e1 a cada visitante un folleto y acceso a informaci\u00f3n digital para planificar su recorrido seg\u00fan su perfil laboral, optimizando tiempos y evitando filas. Asimismo, se realizar\u00e1n Talleres de Apresto Laboral, donde profesionales del Sence ense\u00f1ar\u00e1n a elaborar un curr\u00edculum efectivo, preparar entrevistas y fortalecer estrategias de b\u00fasqueda de empleo.<\/p>\n\n\n\n<p>La directora regional de Sence Magallanes, Doris Sandoval, destac\u00f3 que la feria busca ser un espacio acogedor y eficiente: \u201cEsperamos que sea una oportunidad real de encuentro entre quienes buscan empleo y las empresas que hoy requieren trabajadores. Este es un esfuerzo conjunto con la Municipalidad, porque son los equipos locales quienes conocen de cerca las necesidades m\u00e1s urgentes de la comunidad\u201d.<\/p>\n\n\n\n<p>Por su parte, la directora de Desarrollo Local de la Municipalidad de Natales, Maritza Vera, reforz\u00f3 la invitaci\u00f3n a participar: \u201cLa feria es un espacio donde no solo habr\u00e1 empresas entregando oportunidades laborales, sino tambi\u00e9n orientaci\u00f3n y acompa\u00f1amiento a los trabajadores. Adem\u00e1s, ayudaremos a que las personas puedan usar las herramientas digitales disponibles, como la clave \u00fanica y la Bolsa Nacional de Empleo\u201d.<\/p>\n\n\n\n<p>Las autoridades recordaron que los postulantes deben asistir con su curr\u00edculum actualizado. En la feria, al momento de la acreditaci\u00f3n, recibir\u00e1n un c\u00f3digo QR que permitir\u00e1 postular directamente en los stands. Un equipo de apoyo estar\u00e1 disponible para quienes requieran registrarse o digitalizar sus documentos.<\/p>\n\n\n\n<p>La Feria Laboral #HayVacantes Sence Magallanes 2025 es abierta a toda la comunidad. M\u00e1s informaci\u00f3n y acceso a las ofertas de empleo en www.bne.cl.<\/p>\n","protected":false},"excerpt":{"rendered":"<p>Con m\u00e1s de 350 puestos de trabajo disponibles en rubros como comercio, turismo, pesca y construcci\u00f3n, este mi\u00e9rcoles 27 de agosto se realizar\u00e1 en el Gimnasio Carrera de Puerto Natales&#8230; <a class=\"read-more\" href=\"https:\/\/www.radiopresidenteibanez.cl\/web\/mas-de-350-empleos-ofrecera-la-feria-laboral-hayvacantes-2025-organizada-por-sence\/\">Leer m\u00e1s<\/a><\/p>\n","protected":false},"author":2,"featured_media":58463,"comment_status":"closed","ping_status":"closed","sticky":false,"template":"","format":"standard","meta":{"footnotes":""},"categories":[1],"tags":[],"class_list":["post-58462","post","type-post","status-publish","format-standard","has-post-thumbnail","hentry","category-cronica"],"_links":{"self":[{"href":"https:\/\/www.radiopresidenteibanez.cl\/web\/wp-json\/wp\/v2\/posts\/58462","targetHints":{"allow":["GET"]}}],"collection":[{"href":"https:\/\/www.radiopresidenteibanez.cl\/web\/wp-json\/wp\/v2\/posts"}],"about":[{"href":"https:\/\/www.radiopresidenteibanez.cl\/web\/wp-json\/wp\/v2\/types\/post"}],"author":[{"embeddable":true,"href":"https:\/\/www.radiopresidenteibanez.cl\/web\/wp-json\/wp\/v2\/users\/2"}],"replies":[{"embeddable":true,"href":"https:\/\/www.radiopresidenteibanez.cl\/web\/wp-json\/wp\/v2\/comments?post=58462"}],"version-history":[{"count":0,"href":"https:\/\/www.radiopresidenteibanez.cl\/web\/wp-json\/wp\/v2\/posts\/58462\/revisions"}],"wp:featuredmedia":[{"embeddable":true,"href":"https:\/\/www.radiopresidenteibanez.cl\/web\/wp-json\/wp\/v2\/media\/58463"}],"wp:attachment":[{"href":"https:\/\/www.radiopresidenteibanez.cl\/web\/wp-json\/wp\/v2\/media?parent=58462"}],"wp:term":[{"taxonomy":"category","embeddable":true,"href":"https:\/\/www.radiopresidenteibanez.cl\/web\/wp-json\/wp\/v2\/categories?post=58462"},{"taxonomy":"post_tag","embeddable":true,"href":"https:\/\/www.radiopresidenteibanez.cl\/web\/wp-json\/wp\/v2\/tags?post=58462"}],"curies":[{"name":"wp","href":"https:\/\/api.w.org\/{rel}","templated":true}]}}