{"id":58459,"date":"2025-08-25T14:42:00","date_gmt":"2025-08-25T17:42:00","guid":{"rendered":"https:\/\/www.radiopresidenteibanez.cl\/web\/?p=58459"},"modified":"2025-08-25T12:44:34","modified_gmt":"2025-08-25T15:44:34","slug":"exponen-experiencia-pedagogica-innovadora-del-jardin-infantil-nelda-panicucci-del-slep-magallanes-en-seminario-en-puerto-montt","status":"publish","type":"post","link":"https:\/\/www.radiopresidenteibanez.cl\/web\/exponen-experiencia-pedagogica-innovadora-del-jardin-infantil-nelda-panicucci-del-slep-magallanes-en-seminario-en-puerto-montt\/","title":{"rendered":"Exponen experiencia pedag\u00f3gica innovadora del Jard\u00edn Infantil Nelda Panicucci del SLEP Magallanes en seminario en Puerto Montt"},"content":{"rendered":"\n<p>Ni\u00f1os y ni\u00f1as del nivel sala cuna que asisten al Jard\u00edn Infantil Nelda Panicucci fueron<br>los protagonistas de un proyecto de aula que vincul\u00f3 a los p\u00e1rvulos y a sus familias<br>con la m\u00fasica a trav\u00e9s de la construcci\u00f3n de instrumentos, el juego y la asistencia a un<br>concierto a cargo del Conservatorio de la Universidad de Magallanes.<br>La propuesta pedag\u00f3gica fue seleccionada por su car\u00e1cter innovador para ser<br>presentada en el seminario \u00abSemillas de Ciudadan\u00eda\u00bb que se celebr\u00f3 esta semana en<br>Puerto Montt y que reuni\u00f3 a especialistas en educaci\u00f3n inicial de las regiones de Los<br>R\u00edos, Los Lagos, Ays\u00e9n y Magallanes.<br>El proyecto de aula estuvo a cargo del equipo conformado por la educadora de<br>p\u00e1rvulos Katia Balich y el equipo t\u00e9cnico que integran Carol Cancino, Beatriz Soto y<br>Mar\u00eda Jos\u00e9 Soto.<br>Katia Balich viaj\u00f3 a Puerto Montt para representar al Jard\u00edn Infantil Nelda Panicucci y<br>al SLEP Magallanes. All\u00e1 expuso c\u00f3mo se gest\u00f3 y se ejecut\u00f3 esta iniciativa que<br>involucr\u00f3 a los ni\u00f1os y ni\u00f1as, a sus familias, a las educadoras y t\u00e9cnicos del recinto<br>educativo. Al respecto explic\u00f3 que \u201cun proyecto musical en sala cuna es una excelente<br>forma de potenciar el desarrollo integral de los ni\u00f1os y ni\u00f1as desde los primeros meses<br>de vida. La m\u00fasica favorece el lenguaje, la motricidad, la expresi\u00f3n emocional, la<br>memoria y el v\u00ednculo afectivo\u201d.<br>Agreg\u00f3 que \u201ccomo parte del proyecto musical se hizo una alianza educativa y cultural<br>con el Conservatorio de M\u00fasica de la Universidad de Magallanes lo que permiti\u00f3<br>ampliar los horizontes del aprendizaje musical en la sala cuna y enriquecer las<br>experiencias sonoras\u201d. En ese contexto, los m\u00fasicos del Conservatorio ofrecieron el<br>concierto \u201cArrur\u00fa\u201d, con una interpretaci\u00f3n dise\u00f1ada para la infancia.<br>La directora del Jard\u00edn Nelda Panicucci, Marcela Mu\u00f1oz, coment\u00f3 sobre la<br>participaci\u00f3n del recinto educativo en el seminario en Puerto Montt que \u201ccompartir esta<br>experiencia es muy relevante porque no solamente representa a nuestra unidad<br>educativa, a los jardines VTF y al SLEP Magallanes como entes sostenedores de<br>nuestro equipo, sino que tambi\u00e9n representa a la regi\u00f3n y compartir experiencias que<br>aporten y enriquezcan a la educaci\u00f3n parvularia siempre es digno, significativo y por<br>supuesto valorizamos el trabajo que realiza el equipo t\u00e9cnico en este proyecto que<br>estamos presentando\u201d<br>La iniciativa tambi\u00e9n fue destacada por apoderados. Paula Chiguay coment\u00f3 que<br>\u201cnosotros trabajamos juntos en familia un instrumento musical que es el piano y lo<br>construimos con mi hijo mayor, con el pap\u00e1 de Javiera y con la Javi en casa\u201d.<br>Sandro Almonacid dijo a su turno que \u201ca mi hijo le encanta el tema de la percusi\u00f3n,<br>entonces nosotros le compramos una bater\u00eda chiquitita y todos los d\u00edas ya llega a tocar<br>despu\u00e9s del jard\u00edn\u201d.<\/p>\n","protected":false},"excerpt":{"rendered":"<p>Ni\u00f1os y ni\u00f1as del nivel sala cuna que asisten al Jard\u00edn Infantil Nelda Panicucci fueronlos protagonistas de un proyecto de aula que vincul\u00f3 a los p\u00e1rvulos y a sus familiascon&#8230; <a class=\"read-more\" href=\"https:\/\/www.radiopresidenteibanez.cl\/web\/exponen-experiencia-pedagogica-innovadora-del-jardin-infantil-nelda-panicucci-del-slep-magallanes-en-seminario-en-puerto-montt\/\">Leer m\u00e1s<\/a><\/p>\n","protected":false},"author":2,"featured_media":58460,"comment_status":"closed","ping_status":"closed","sticky":false,"template":"","format":"standard","meta":{"footnotes":""},"categories":[1],"tags":[],"class_list":["post-58459","post","type-post","status-publish","format-standard","has-post-thumbnail","hentry","category-cronica"],"_links":{"self":[{"href":"https:\/\/www.radiopresidenteibanez.cl\/web\/wp-json\/wp\/v2\/posts\/58459","targetHints":{"allow":["GET"]}}],"collection":[{"href":"https:\/\/www.radiopresidenteibanez.cl\/web\/wp-json\/wp\/v2\/posts"}],"about":[{"href":"https:\/\/www.radiopresidenteibanez.cl\/web\/wp-json\/wp\/v2\/types\/post"}],"author":[{"embeddable":true,"href":"https:\/\/www.radiopresidenteibanez.cl\/web\/wp-json\/wp\/v2\/users\/2"}],"replies":[{"embeddable":true,"href":"https:\/\/www.radiopresidenteibanez.cl\/web\/wp-json\/wp\/v2\/comments?post=58459"}],"version-history":[{"count":0,"href":"https:\/\/www.radiopresidenteibanez.cl\/web\/wp-json\/wp\/v2\/posts\/58459\/revisions"}],"wp:featuredmedia":[{"embeddable":true,"href":"https:\/\/www.radiopresidenteibanez.cl\/web\/wp-json\/wp\/v2\/media\/58460"}],"wp:attachment":[{"href":"https:\/\/www.radiopresidenteibanez.cl\/web\/wp-json\/wp\/v2\/media?parent=58459"}],"wp:term":[{"taxonomy":"category","embeddable":true,"href":"https:\/\/www.radiopresidenteibanez.cl\/web\/wp-json\/wp\/v2\/categories?post=58459"},{"taxonomy":"post_tag","embeddable":true,"href":"https:\/\/www.radiopresidenteibanez.cl\/web\/wp-json\/wp\/v2\/tags?post=58459"}],"curies":[{"name":"wp","href":"https:\/\/api.w.org\/{rel}","templated":true}]}}