{"id":58455,"date":"2025-08-25T12:34:19","date_gmt":"2025-08-25T15:34:19","guid":{"rendered":"https:\/\/www.radiopresidenteibanez.cl\/web\/?p=58455"},"modified":"2025-08-25T12:38:50","modified_gmt":"2025-08-25T15:38:50","slug":"sernameg-y-fiscalia-de-magallanes-capacitan-a-carabineros-en-prevencion-de-las-violencias-de-genero","status":"publish","type":"post","link":"https:\/\/www.radiopresidenteibanez.cl\/web\/sernameg-y-fiscalia-de-magallanes-capacitan-a-carabineros-en-prevencion-de-las-violencias-de-genero\/","title":{"rendered":"SernamEG y Fiscal\u00eda de Magallanes capacitan a Carabineros en prevenci\u00f3n de las violencias de g\u00e9nero"},"content":{"rendered":"\n<p>En el marco del plan de acci\u00f3n de la Ley Integral 21.675, que mandata a los organismos<br>competentes a fortalecer la prevenci\u00f3n y actualizaci\u00f3n de conocimientos en materia de violencias<br>contra las mujeres, y en coordinaci\u00f3n con el Circuito Intersectorial de Femicidios, este jueves se<br>realiz\u00f3 una jornada de capacitaci\u00f3n impartida por SernamEG Magallanes junto a la Unidad<br>Regional de Atenci\u00f3n a V\u00edctimas y Testigos (Uravit) de la Fiscal\u00eda Regional en dependencias de la<br>Primera Comisar\u00eda de Punta Arenas.<br>La direcci\u00f3n regional del SernamEG Magallanes junto a la Unidad Regional de Atenci\u00f3n a V\u00edctimas<br>y Testigos (Uravit) de la Fiscal\u00eda Regional realizaron una jornada de capacitaci\u00f3n a Carabineros y<br>Carabineras, en el marco del plan de acci\u00f3n de la Ley Integral 21.675, que mandata a los<br>organismos competentes a fortalecer la prevenci\u00f3n y actualizaci\u00f3n de conocimientos en materia<br>de violencias contra las mujeres, y en coordinaci\u00f3n con el Circuito Intersectorial de Femicidios<br>(CIF).<br>La actividad, comprometida adem\u00e1s dentro del Plan Comunal de Seguridad P\u00fablica, reuni\u00f3 a<br>funcionarias y funcionarios de Carabineros y cont\u00f3 con la participaci\u00f3n de la SEREMI de la Mujer y<br>la Equidad de G\u00e9nero, Alejandra Ruiz Ovando, la directora regional del SernamEG, Pamela Leiva<br>Burgos, los abogados del Servicio Luna Rojas Roa y Jos\u00e9 Pablo D\u00edaz, y la jefa de la Uravit, Mar\u00eda<br>Cecilia Valdebenito.<br>La actividad realizada en dependencias de la Primera Comisar\u00eda de Punta Arenas y comprometida<br>adem\u00e1s dentro del Plan Comunal de Seguridad P\u00fablica, reuni\u00f3 a funcionarias y funcionarios de<br>Carabineros y cont\u00f3 con la participaci\u00f3n de la seremi de la Mujer y la Equidad de G\u00e9nero,<br>Alejandra Ruiz Ovando, la directora regional del SernamEG, Pamela Leiva Burgos, los abogados del<br>Servicio Luna Rojas Roa y Jos\u00e9 Pablo D\u00edaz y la jefa de la Uravit, Mar\u00eda Cecilia Valdebenito.<\/p>\n\n\n\n<p>Durante la jornada se abordaron los procedimientos de primera acogida de denuncias y el rol de<br>Carabineros como primer eslab\u00f3n en la red intersectorial. \u201cLas polic\u00edas en muchos casos son el<\/p>\n\n\n\n<p>primer contacto de las sobrevivientes de violencia con la institucionalidad. Por eso, resulta<br>esencial que comprendan la fenomenolog\u00eda y el comportamiento de las v\u00edctimas afectadas por<br>estos delitos, de manera de otorgarles un acompa\u00f1amiento cuidadoso y efectivo, y en definitiva<br>una mejor protecci\u00f3n\u201d, detall\u00f3 la directora regional de SernamEG en Magallanes, Pamela Leiva<br>Burgos.<br>El encuentro incluy\u00f3, adem\u00e1s, la explicaci\u00f3n del trabajo que realiza la Fiscal\u00eda una vez que se<br>derivan los casos. Al respecto, la jefa de la Uravit, Mar\u00eda Cecilia Valdebenito se\u00f1al\u00f3: \u201clas primeras<br>diligencias de investigaci\u00f3n que efect\u00faa Carabineros nos sirven para tener claridad en la<br>categorizaci\u00f3n del riesgo y entregar medidas oportunas y pertinentes de protecci\u00f3n y apoyo a<br>v\u00edctimas de este tipo de delito\u201d.<br>En esa l\u00ednea, la jefa de Uravit destac\u00f3 que la Fiscal\u00eda cuenta con herramientas espec\u00edficas para<br>resguardar a las personas afectadas, como prestaciones econ\u00f3micas en casos complejos,<br>reforzamientos de seguridad en los domicilios -instalaci\u00f3n de cierres perimetrales, cambio de<br>chapas o reparaci\u00f3n de accesos da\u00f1ados- y apoyo psicol\u00f3gico y psiqui\u00e1trico inicial. \u201cTodo esto nos<br>permite dar una respuesta concreta mientras las v\u00edctimas acceden a la red reparatoria, como el<br>Centro de Atenci\u00f3n Especializado en Violencia de G\u00e9nero del SernamEG\u201d, subray\u00f3 Valdebenito.<br>La seremi de la Mujer y la Equidad de G\u00e9nero, Alejandra Ruiz Ovando, subray\u00f3 que esta<br>capacitaci\u00f3n responde al mandato legal de la Ley 21.675: \u201cEs un avance normativo significativo y<br>exige que todas las instituciones actualicen sus conocimientos. Por ello, destacamos esta instancia<br>que refleja el compromiso de nuestro Ministerio de llevar la prevenci\u00f3n y la protecci\u00f3n a cada<br>espacio donde se atienden denuncias de violencia de g\u00e9nero\u201d.<br>Finalmente, desde Carabineros, el Teniente de la Comisar\u00eda de Punta Arenas H\u00e9ctor Y\u00e1\u00f1ez Ugarte<br>valor\u00f3 la instancia se\u00f1alando que estas jornadas se efect\u00faan de manera continua para que el<br>funcionariado se actualice de la normativa vigente: \u201cAgradecemos la oportunidad de que<br>organismos especializados puedan venir a profundizar en mayor detalle sobre lo que nosotros<br>realizamos d\u00eda a d\u00eda, porque este es un trabajo en conjunto para apoyar y proteger a las v\u00edctimas\u201d.<\/p>\n","protected":false},"excerpt":{"rendered":"<p>En el marco del plan de acci\u00f3n de la Ley Integral 21.675, que mandata a los organismoscompetentes a fortalecer la prevenci\u00f3n y actualizaci\u00f3n de conocimientos en materia de violenciascontra las&#8230; <a class=\"read-more\" href=\"https:\/\/www.radiopresidenteibanez.cl\/web\/sernameg-y-fiscalia-de-magallanes-capacitan-a-carabineros-en-prevencion-de-las-violencias-de-genero\/\">Leer m\u00e1s<\/a><\/p>\n","protected":false},"author":2,"featured_media":58456,"comment_status":"closed","ping_status":"closed","sticky":false,"template":"","format":"standard","meta":{"footnotes":""},"categories":[1],"tags":[],"class_list":["post-58455","post","type-post","status-publish","format-standard","has-post-thumbnail","hentry","category-cronica"],"_links":{"self":[{"href":"https:\/\/www.radiopresidenteibanez.cl\/web\/wp-json\/wp\/v2\/posts\/58455","targetHints":{"allow":["GET"]}}],"collection":[{"href":"https:\/\/www.radiopresidenteibanez.cl\/web\/wp-json\/wp\/v2\/posts"}],"about":[{"href":"https:\/\/www.radiopresidenteibanez.cl\/web\/wp-json\/wp\/v2\/types\/post"}],"author":[{"embeddable":true,"href":"https:\/\/www.radiopresidenteibanez.cl\/web\/wp-json\/wp\/v2\/users\/2"}],"replies":[{"embeddable":true,"href":"https:\/\/www.radiopresidenteibanez.cl\/web\/wp-json\/wp\/v2\/comments?post=58455"}],"version-history":[{"count":0,"href":"https:\/\/www.radiopresidenteibanez.cl\/web\/wp-json\/wp\/v2\/posts\/58455\/revisions"}],"wp:featuredmedia":[{"embeddable":true,"href":"https:\/\/www.radiopresidenteibanez.cl\/web\/wp-json\/wp\/v2\/media\/58456"}],"wp:attachment":[{"href":"https:\/\/www.radiopresidenteibanez.cl\/web\/wp-json\/wp\/v2\/media?parent=58455"}],"wp:term":[{"taxonomy":"category","embeddable":true,"href":"https:\/\/www.radiopresidenteibanez.cl\/web\/wp-json\/wp\/v2\/categories?post=58455"},{"taxonomy":"post_tag","embeddable":true,"href":"https:\/\/www.radiopresidenteibanez.cl\/web\/wp-json\/wp\/v2\/tags?post=58455"}],"curies":[{"name":"wp","href":"https:\/\/api.w.org\/{rel}","templated":true}]}}