{"id":58452,"date":"2025-08-25T10:53:00","date_gmt":"2025-08-25T13:53:00","guid":{"rendered":"https:\/\/www.radiopresidenteibanez.cl\/web\/?p=58452"},"modified":"2025-08-25T09:52:55","modified_gmt":"2025-08-25T12:52:55","slug":"jovenes-que-cumplen-sancion-en-centro-de-cumplimiento-juvenil-partciparon-de-clinica-musical-de-la-mano-de-quehicistebella","status":"publish","type":"post","link":"https:\/\/www.radiopresidenteibanez.cl\/web\/jovenes-que-cumplen-sancion-en-centro-de-cumplimiento-juvenil-partciparon-de-clinica-musical-de-la-mano-de-quehicistebella\/","title":{"rendered":"J\u00d3VENES QUE CUMPLEN SANCI\u00d3N EN CENTRO DE CUMPLIMIENTO JUVENIL PARTCIPARON DE CL\u00cdNICA MUSICAL DE LA MANO DE #QU\u00c9HICISTEBELLA"},"content":{"rendered":"\n<p>Gonzalo Costa, es el joven magall\u00e1nico detr\u00e1s de la marca musical #Qu\u00e9hicistebella, que ha utilizado para destacarse como una de las revelaciones del g\u00e9nero rap urbano y que en poco tiempo le ha permitido consolidarse como uno de los nombres m\u00e1s influyentes del nuevo sonido urbano mundial.<\/p>\n\n\n\n<p>El joven productor musical reside actualmente en Santiago, luego de egresar del Liceo San Jos\u00e9 de Punta Arenas. Desde mucho antes, comenz\u00f3 a descubrir su afici\u00f3n por la producci\u00f3n musical, lo que le ha permitido desde entonces, exhibir numerosos \u00e9xitos musicales que son un grito a nivel mundial.<\/p>\n\n\n\n<p>Entre sus \u00faltimos \u00e9xitos se encuentra la colaboraci\u00f3n \u201cCuando No Era Cantante\u201d, junto al mexicano El Bogueto y el \u00edcono espa\u00f1ol Yung Beef, con la que ha superado los 100 millones de streams en plataformas digitales, adem\u00e1s de vincularse con Kaydy Cain, estando detr\u00e1s del \u00e9xito de \u201cLa Mafia del Amor\u201d. A nivel nacional, ha trabajado con La Zowi, Rocket Worldwide, o los chilenos Polim\u00e1 West Coast y Pablo Chill-E.<\/p>\n\n\n\n<p>De gran esp\u00edritu social, #Qu\u00e9hicistebella se contact\u00f3 con el Servicio de Reinserci\u00f3n Social Juvenil de Magallanes, para ofrecer la posibilidad de llevar a cabo una cl\u00ednica de producci\u00f3n musical, dirigido a los j\u00f3venes que cumplen sanci\u00f3n en medio cerrado, en el Centro de Cumplimiento Juvenil IP IRC LAE IP de R\u00edo de los Ciervos.<\/p>\n\n\n\n<p>Aprovechando la visita de Gonzalo Costa a su familia de Punta Arenas, el m\u00fasico del g\u00e9nero de rap se dio el tiempo de cumplir con toda la reglamentaci\u00f3n de acceso del Centro de Cumplimiento Juvenil y comenz\u00f3 con las 3 jornadas de capacitaci\u00f3n que llev\u00f3 a cabo.<\/p>\n\n\n\n<p>En este espacio de encuentro, #Qu\u00e9hicistebella pudo ense\u00f1arles a los j\u00f3venes en reclusi\u00f3n, c\u00f3mo realizar pistas y bases para la creaci\u00f3n de su propio&nbsp;material musical. La sala \u201cAula Inteligente\u201d, inaugurada hace s\u00f3lo unos meses en el Centro de Cumplimiento IP IRC LAE IP, fue el espacio destinado para esta iniciativa, en donde pudieron contar con el equipamiento necesario para dar vida a esta experiencia.<\/p>\n\n\n\n<p>\u00abEn lo personal fue una actividad muy enriquecedora, no hab\u00eda tenido antes la oportunidad de aportar un granito de arena a la comunidad en general, y siento que es totalmente necesario. El poder compartir los fundamentos b\u00e1sicos para que los cabros se puedan desenvolver en algo tan incre\u00edble como la m\u00fasica puede terminar siendo un gran impulso para los cabros y as\u00ed encontrar nuevos caminos a seguir. Se vio que les gust\u00f3 lo que les pude compartir y que quedaron motivados, as\u00ed que cualquiera que eventualmente quiera sumarse para compartir de sus conocimientos que no dude&nbsp;en&nbsp;hacerlo\u00bb, destac\u00f3&nbsp;<strong>Gonzalo Costa, m\u00e1s conocido como #qu\u00e9hicistebella.<\/strong><\/p>\n\n\n\n<p>El joven Y.N, en reinserci\u00f3n, se\u00f1al\u00f3 que: \u201cMe gust\u00f3 el taller, tengo ganas de seguir haciendo las bases musicales para incorporar las letras de las canciones. La actividad fue muy entretenida, espero que se repita de todas maneras\u201d.<\/p>\n\n\n\n<p>Por su parte, el segundo joven que particip\u00f3 en la cl\u00ednica musical A. P. dijo que: \u201cEl taller lo encontr\u00e9 muy entretenido, fue excelente el trabajo del productor musical, sabe mucho; trabajamos con una base musical de cumbia. Nos qued\u00f3 el desaf\u00edo de ponerle la letra a la canci\u00f3n, ser\u00eda bueno que se repita la experiencia\u201d.<\/p>\n\n\n\n<p>Finalmente,&nbsp;<strong>C\u00e9sar Montiel, Director Regional del Servicio de Reinserci\u00f3n Social Juvenil de Magallanes,<\/strong>&nbsp;agradeci\u00f3 la oportunidad brindada por Gonzalo Costa, al haber entregado parte de su tiempo a colaborar en la reinserci\u00f3n de los j\u00f3venes que cumplen sanci\u00f3n. \u201cEsta cl\u00ednica de producci\u00f3n musical abre una nueva etapa para estos j\u00f3venes, abre nuevas esperanzas; y para nosotros como servicio de reinserci\u00f3n nos gu\u00eda en c\u00f3mo debemos seguir trabajando en brindarles nuevas herramientas para que puedan aprender a expresar toda su creatividad y sensibilidad por el entorno. Como sociedad, tenemos un enorme desaf\u00edo en atender las necesidades y falencias de estos j\u00f3venes, y esta experiencia nos ha dado un nuevo aire para seguir innovando en mejorar el apoyo a cada joven que pasa por nuestro servicio. Estamos muy agradecidos y contentos por esta oportunidad, por ver el avance que tuvieron estos j\u00f3venes al interior del centro. Sin duda este espacio de esparcimiento lo seguiremos impulsando para que estos j\u00f3venes puedan descubrir sus talentos, puedan descubrir el poder transformador que tiene la m\u00fasica\u201d.<\/p>\n\n\n\n<p>El fen\u00f3meno de #Qu\u00e9hicistebella sigue creciendo mientras Gonzalo Costa junto a un equipo de trabajo contin\u00faa concretando colaboraciones con los m\u00e1s importantes exponentes del rap urbano mundial. La m\u00fasica de #Qu\u00e9hicistebella se encuentra disponible en&nbsp;<a href=\"https:\/\/soundcloud.com\/quehicistebella\" target=\"_blank\" rel=\"noreferrer noopener\">https:\/\/soundcloud.com\/quehicistebella<\/a>&nbsp;o en su IG&nbsp;<a href=\"https:\/\/www.instagram.com\/_soybella\/?hl=es\" target=\"_blank\" rel=\"noreferrer noopener\">https:\/\/www.instagram.com\/_soybella\/?hl=es<\/a>. La experiencia desarrollada en el Centro de Cumplimiento de Punta Arenas puede ser revisada en el video&nbsp;&nbsp;<a href=\"https:\/\/www.instagram.com\/reel\/DNqvgVci3aF\/?utm_source=ig_web_copy_link&amp;igsh=MzRlODBiNWFlZA==\" target=\"_blank\" rel=\"noreferrer noopener\">https:\/\/www.instagram.com\/reel\/DNqvgVci3aF\/?utm_source=ig_web_copy_link&amp;igsh=MzRlODBiNWFlZA==<\/a><\/p>\n","protected":false},"excerpt":{"rendered":"<p>Gonzalo Costa, es el joven magall\u00e1nico detr\u00e1s de la marca musical #Qu\u00e9hicistebella, que ha utilizado para destacarse como una de las revelaciones del g\u00e9nero rap urbano y que en poco&#8230; <a class=\"read-more\" href=\"https:\/\/www.radiopresidenteibanez.cl\/web\/jovenes-que-cumplen-sancion-en-centro-de-cumplimiento-juvenil-partciparon-de-clinica-musical-de-la-mano-de-quehicistebella\/\">Leer m\u00e1s<\/a><\/p>\n","protected":false},"author":2,"featured_media":58453,"comment_status":"closed","ping_status":"closed","sticky":false,"template":"","format":"standard","meta":{"footnotes":""},"categories":[1],"tags":[],"class_list":["post-58452","post","type-post","status-publish","format-standard","has-post-thumbnail","hentry","category-cronica"],"_links":{"self":[{"href":"https:\/\/www.radiopresidenteibanez.cl\/web\/wp-json\/wp\/v2\/posts\/58452","targetHints":{"allow":["GET"]}}],"collection":[{"href":"https:\/\/www.radiopresidenteibanez.cl\/web\/wp-json\/wp\/v2\/posts"}],"about":[{"href":"https:\/\/www.radiopresidenteibanez.cl\/web\/wp-json\/wp\/v2\/types\/post"}],"author":[{"embeddable":true,"href":"https:\/\/www.radiopresidenteibanez.cl\/web\/wp-json\/wp\/v2\/users\/2"}],"replies":[{"embeddable":true,"href":"https:\/\/www.radiopresidenteibanez.cl\/web\/wp-json\/wp\/v2\/comments?post=58452"}],"version-history":[{"count":0,"href":"https:\/\/www.radiopresidenteibanez.cl\/web\/wp-json\/wp\/v2\/posts\/58452\/revisions"}],"wp:featuredmedia":[{"embeddable":true,"href":"https:\/\/www.radiopresidenteibanez.cl\/web\/wp-json\/wp\/v2\/media\/58453"}],"wp:attachment":[{"href":"https:\/\/www.radiopresidenteibanez.cl\/web\/wp-json\/wp\/v2\/media?parent=58452"}],"wp:term":[{"taxonomy":"category","embeddable":true,"href":"https:\/\/www.radiopresidenteibanez.cl\/web\/wp-json\/wp\/v2\/categories?post=58452"},{"taxonomy":"post_tag","embeddable":true,"href":"https:\/\/www.radiopresidenteibanez.cl\/web\/wp-json\/wp\/v2\/tags?post=58452"}],"curies":[{"name":"wp","href":"https:\/\/api.w.org\/{rel}","templated":true}]}}