{"id":58446,"date":"2025-08-25T08:59:00","date_gmt":"2025-08-25T11:59:00","guid":{"rendered":"https:\/\/www.radiopresidenteibanez.cl\/web\/?p=58446"},"modified":"2025-08-25T08:56:56","modified_gmt":"2025-08-25T11:56:56","slug":"boletin-informativo-orbe-63","status":"publish","type":"post","link":"https:\/\/www.radiopresidenteibanez.cl\/web\/boletin-informativo-orbe-63\/","title":{"rendered":"BOLETIN INFORMATIVO ORBE"},"content":{"rendered":"\n<p>SANTIAGO.- La \u00faltima edici\u00f3n de la encuesta Cadem, publicada<br>este domingo, se\u00f1al\u00f3 que la carrera presidencial est\u00e1<br>liderada por el republicano Jos\u00e9 Antonio Kast con un 28 por<br>ciento, seguido por la oficialista Jeannette Jara con un 27<br>por ciento y Evelyn Matthei con un 14 por ciento. Despu\u00e9s se<br>ubican Franco Parisi con un 11 por ciento y Johannes Kaiser<br>con un 7 por ciento, mientras Harold Mayne-Nicholls<br>obtiene un dos por ciento.<\/p>\n\n\n\n<p>SANTIAGO.- Entre las propuestas presidenciales m\u00e1s<br>prioritarias para los chilenos seg\u00fan la encuesta Cadem, est\u00e1<br>el cierre de fronteras y la expulsi\u00f3n de inmigrantes<br>irregulares, con un 42 por ciento, frenar el crimen<br>organizado con un 36 por ciento, eliminar las listas de<br>espera en salud con un 22 por ciento y un ingreso vital de<br>750 mil pesos con un 17 por ciento. En tanto, seg\u00fan Cadem un<br>30 por ciento aprueba la gesti\u00f3n del Presidente Gabriel Boric<br>y un 62 por ciento la desaprueba.<\/p>\n\n\n\n<p>SANTIAGO.- El exministro de Agricultura Esteban Valenzuela<br>confirm\u00f3 que su salida del gabinete se dio porque el<br>Presidente Gabriel Boric le dijo que \u00abno pod\u00eda tener a<br>alguien que apoyara conformar dos listas parlamentarias\u00bb en<br>el oficialismo. Sin embargo, volvi\u00f3 a desdramatizar la<br>situaci\u00f3n al agregar que con el Presidente \u00abse tienen<br>estima\u00bb, \u00abhay buena sinton\u00eda\u00bb, y que, por lo tanto, \u00abno se<br>van del gabinete taimados, ni nada de eso\u00bb.<\/p>\n\n\n\n<p>SANTIAGO.- Asimismo, Valenzuela indic\u00f3 que \u00abno comparte\u00bb los<br>dichos del exprecandidato presidencial y diputado Jaime<br>Mulet, que tild\u00f3 la acci\u00f3n del Presidente como \u00abuna torpeza<br>casi infantil\u00bb, y dijo que \u00aben lo personal, doy vuelta la<br>p\u00e1gina y me voy a dedicar como lo he sido toda la vida a ser<br>un intelectual org\u00e1nico del desarrollo territorial, a<br>contribuir en el triunfo de esta lista y en la campa\u00f1a de<br>Jeannette Jara y a empujar la descentralizaci\u00f3n\u00bb.<\/p>\n\n\n\n<p>SANTIAGO.- El ministro de Hacienda, Nicol\u00e1s Grau, abord\u00f3 las<br>cr\u00edticas sobre su nombramiento afirmando tener \u00abbuenas<br>relaciones y opiniones en el Congreso\u00bb, y que \u00abtengo un<br>conocimiento de la Econom\u00eda que no se puede obtener con todos<br>los t\u00edtulos que uno tenga\u00bb. \u00abUno siempre tiene que ser<br>receptivo a las cr\u00edticas, pero lo que yo veo, es que pongo<br>por un lado las cr\u00edticas y por otro lado las cosas positivas<br>que se han dicho\u00bb, se\u00f1al\u00f3.<\/p>\n\n\n\n<p>SANTIAGO.- Sobre la tramitaci\u00f3n del Presupuesto 2026, el<br>ministro Grau mencion\u00f3 que \u00abest\u00e1 muy avanzado, nosotros<br>estamos ahora en la recta final para ese ingreso. Y lo que<br>est\u00e1 avanzado es algo que expresa de manera muy bien las<br>convicciones del Gobierno en esta materia, que es que<br>actuemos de manera responsable en materia fiscal\u00bb. Tambi\u00e9n<br>apel\u00f3 al \u00abcompromiso pol\u00edtico\u00bb del Gobierno y afirm\u00f3 que el<br>foco est\u00e1 en que \u00abtiene que ser un presupuesto<br>responsable\u00bb.<\/p>\n","protected":false},"excerpt":{"rendered":"<p>SANTIAGO.- La \u00faltima edici\u00f3n de la encuesta Cadem, publicadaeste domingo, se\u00f1al\u00f3 que la carrera presidencial est\u00e1liderada por el republicano Jos\u00e9 Antonio Kast con un 28 porciento, seguido por la oficialista&#8230; <a class=\"read-more\" href=\"https:\/\/www.radiopresidenteibanez.cl\/web\/boletin-informativo-orbe-63\/\">Leer m\u00e1s<\/a><\/p>\n","protected":false},"author":2,"featured_media":58447,"comment_status":"closed","ping_status":"closed","sticky":false,"template":"","format":"standard","meta":{"footnotes":""},"categories":[1],"tags":[],"class_list":["post-58446","post","type-post","status-publish","format-standard","has-post-thumbnail","hentry","category-cronica"],"_links":{"self":[{"href":"https:\/\/www.radiopresidenteibanez.cl\/web\/wp-json\/wp\/v2\/posts\/58446","targetHints":{"allow":["GET"]}}],"collection":[{"href":"https:\/\/www.radiopresidenteibanez.cl\/web\/wp-json\/wp\/v2\/posts"}],"about":[{"href":"https:\/\/www.radiopresidenteibanez.cl\/web\/wp-json\/wp\/v2\/types\/post"}],"author":[{"embeddable":true,"href":"https:\/\/www.radiopresidenteibanez.cl\/web\/wp-json\/wp\/v2\/users\/2"}],"replies":[{"embeddable":true,"href":"https:\/\/www.radiopresidenteibanez.cl\/web\/wp-json\/wp\/v2\/comments?post=58446"}],"version-history":[{"count":0,"href":"https:\/\/www.radiopresidenteibanez.cl\/web\/wp-json\/wp\/v2\/posts\/58446\/revisions"}],"wp:featuredmedia":[{"embeddable":true,"href":"https:\/\/www.radiopresidenteibanez.cl\/web\/wp-json\/wp\/v2\/media\/58447"}],"wp:attachment":[{"href":"https:\/\/www.radiopresidenteibanez.cl\/web\/wp-json\/wp\/v2\/media?parent=58446"}],"wp:term":[{"taxonomy":"category","embeddable":true,"href":"https:\/\/www.radiopresidenteibanez.cl\/web\/wp-json\/wp\/v2\/categories?post=58446"},{"taxonomy":"post_tag","embeddable":true,"href":"https:\/\/www.radiopresidenteibanez.cl\/web\/wp-json\/wp\/v2\/tags?post=58446"}],"curies":[{"name":"wp","href":"https:\/\/api.w.org\/{rel}","templated":true}]}}