{"id":58441,"date":"2025-08-25T08:43:24","date_gmt":"2025-08-25T11:43:24","guid":{"rendered":"https:\/\/www.radiopresidenteibanez.cl\/web\/?p=58441"},"modified":"2025-08-25T08:46:09","modified_gmt":"2025-08-25T11:46:09","slug":"mario-marcel-un-hombre-de-estado","status":"publish","type":"post","link":"https:\/\/www.radiopresidenteibanez.cl\/web\/mario-marcel-un-hombre-de-estado\/","title":{"rendered":"MARIO MARCEL, UN HOMBRE DE ESTADO"},"content":{"rendered":"\n<p>Esta semana el mundo econ\u00f3mico recibi\u00f3 una noticia que lo dej\u00f3 expectante por algunas horas. El<br>Ministro de Hacienda, Mario Marcel uno de los cuadros m\u00e1s brillantes del socialismo democr\u00e1tico renunciaba al gobierno. Especulaciones de todo tipo circularon r\u00e1pidamente por los canales de noticias, hasta que finalmente el propio Marcel, compareci\u00f3 ante las c\u00e1maras desde el palacio de La Moneda para comunicar que las razones de la renuncia eran estrictamente personales y familiares. Fin de las especulaciones, no se iba ni a un organismo internacional, ni tampoco part\u00eda a reforzar la alica\u00edda ala econ\u00f3mica de la candidatura progresista. Para la an\u00e9cdota quedar\u00e1n los ojitos con l\u00e1grimas de las j\u00f3venes ministras, mal que mal como reconoci\u00f3 el propio presidente Boric, cuando se incorpor\u00f3 al gabinete los de mayor edad eran Marcel y el propio Boric. No cabe dudas de los atributos personales del ministro m\u00e1s poderoso de la actual administraci\u00f3n. Hombre reservado y ajeno a la far\u00e1ndula pol\u00edtica, es considerado uno de los mejores cuadros<br>t\u00e9cnicos del Partido Socialista, partido en el que no milita, pero manifiesta simpat\u00eda. Tal vez de los pocos elementos triviales que aport\u00f3 al gabinete, fue su impecable traje formal, y sus fant\u00e1sticas corbatas, con dise\u00f1os \u00fanicos. En la ceremonia de asunci\u00f3n como ministro y en su despedida casi cuatro a\u00f1os despu\u00e9s, uso la misma, una corbata bellamente pintada con \u201cLa noche estrellada\u201d de Van Gogh. Existi\u00f3 una cuenta en la red social twitter, actual X, llamada \u201cLas corbatas de Mario Marcel\u201d @CorbatasMarcel, que lleg\u00f3 a tener m\u00e1s de 6 mil seguidores, tambi\u00e9n est\u00e1 en Instagram.<br>Prontamente los medios partieron a escudri\u00f1ar en la trayectoria de Mario Marcel, y se confirm\u00f3 lo que todos repet\u00edan, el ex ministro es uno de los economistas m\u00e1s reputados de Chile, y su prestigio y solvencia t\u00e9cnica traspasa nuestras fronteras. El hombre es un verdadero hijo de la rep\u00fablica, primera generaci\u00f3n con estudios universitarios en su familia, al igual que cientos de miles de hijos de trabajadores.<br>Mario Marcel inici\u00f3 tempranamente su actividad profesional, incorpor\u00e1ndose en 1979 a CIEPLAN,<br>como asistente de investigaci\u00f3n, cuando a\u00fan cursaba su carrera de Ingenier\u00eda comercial en la Universidad Cat\u00f3lica. Poco tiempo despu\u00e9s egres\u00f3 de la UC recibiendo el premio al mejor alumno de su generaci\u00f3n.<br>Complet\u00f3 su formaci\u00f3n en el \u00e1rea econ\u00f3mica en Cambridge University donde obtuvo un master.<br>Su cuna profesional CIEPLAN, Corporaci\u00f3n de estudios para am\u00e9rica latina, naci\u00f3 al alero de la<br>Universidad Cat\u00f3lica en 1970, de la mano de Fernando Castillo Velasco y la gran reforma que impulsaba en la UC. Tras el golpe de estado, se efectu\u00f3 una razzia de despidos, forzando a muchos acad\u00e9micos a partir. En ese momento los directivos de CIEPLAN decidieron transformar el centro de estudios en una organizaci\u00f3n independiente. Corr\u00eda el a\u00f1o 1976, transcurridos tres a\u00f1os de dictadura civil-militar, los acad\u00e9micos e investigadores buscaron aportar conocimientos a las pol\u00edticas p\u00fablicas en Chile y Latinoam\u00e9rica. CIEPLAN aport\u00f3 una visi\u00f3n econ\u00f3mica alternativa al neo liberalismo, impuesto a sangre y a fuego en Chile, y colabor\u00f3 en los esfuerzos por recuperar la democracia.<br>Marcel en CIEPLAN pas\u00f3 de asistente de investigaci\u00f3n, a investigador adjunto, a\u00f1os despu\u00e9s pas\u00f3 a investigador asociado y finalmente investigador senior. Para esa \u00e9poca ya se hab\u00eda logrado el triunfo en el plebiscito, y en 1990 arrib\u00f3 el primer gobierno democr\u00e1tico. En ese gobierno del presidente Patricio Aylwin (1990-1994), Marcel particip\u00f3 como asesor en pol\u00edticas macro econ\u00f3micas, y luego asumi\u00f3 como subdirector de la poderosa Direcci\u00f3n de Presupuestos. Posteriormente, durante el gobierno del presidente Eduardo Frei Ruiz Tagle (1994-2000), se desempe\u00f1\u00f3 como secretario ejecutivo del Comit\u00e9 Interministerial de Modernizaci\u00f3n de la Gesti\u00f3n P\u00fablica, organismo que sentar\u00eda las bases de la reforma del estado que realizar\u00eda el conglomerado de gobierno, asimismo asume como Director Interino de la Direcci\u00f3n de Presupuestos. Entre 1997 y el a\u00f1o 2000 asume su primer cargo internacional, desempe\u00f1\u00e1ndose como Director ejecutivo y presidente del Comit\u00e9 de presupuestos del BID.<br>Durante el mandato del presidente Ricardo Lagos (2000-2006) Mario Marcel se desempe\u00f1\u00f3 como<br>director de la Direcci\u00f3n de Presupuesto (Dipres), en ese rol le correspondi\u00f3 colaborar en la creaci\u00f3n de la regla de super\u00e1vit estructural. Esta regla ha sido el pilar fundamental de la estabilidad fiscal de Chile, fijada por ley en un super\u00e1vit del 1% del PIB.<\/p>\n\n\n\n<p>Durante el primer gobierno de la presidenta Michelle Bachelet (2006-2010), se desempe\u00f1\u00f3 como<br>presidente del Consejo Asesor Presidencial para la Reforma Previsional. Al t\u00e9rmino del gobierno retorn\u00f3 a CIEPLAN como investigador, y cumpli\u00f3 tareas acad\u00e9micas como profesor de la Maestr\u00eda en Pol\u00edticas P\u00fablicas y Gesti\u00f3n en la Universidad de Chile. En los a\u00f1os siguientes desempe\u00f1\u00f3 distintos cargos en organismos internacionales, Manager de capacidad institucional y finanzas del BID, subdirector de gobernabilidad y desarrollo territorial de la OCDE. Y director senior de pr\u00e1ctica global de buen gobierno en el Banco Mundial.<br>En el segundo mandato de la presidenta Bachelet (2014-2018) fue designado consejero en el Banco Central de Chile, y luego presidente del Banco Central. Debido a su notable desempe\u00f1o que brindaba seguridad y confianza a todos los actores econ\u00f3micos, el presidente Sebasti\u00e1n Pi\u00f1era en su segundo mandato (2018-2022), confirm\u00f3 en el cargo a Marcel, por sus valiosas contribuciones a la conducci\u00f3n de la pol\u00edtica monetaria y por su aporte a las pol\u00edticas macroecon\u00f3micas del pa\u00eds.<br>En marzo de 2022 en el inicio del gobierno del presidente Gabriel Boric (2022-2026), Mario Marcel fue designado ministro de Hacienda, desempe\u00f1ando un rol fundamental en estabilizar la econom\u00eda. Recordemos que producto de la pandemia y del incremento del gasto p\u00fablico y privado la inflaci\u00f3n de 2021, lleg\u00f3 a un peak de 14,1% en agosto, terminando en diciembre en 12,8 %, con un promedio para el a\u00f1o 2022 de 11,6%, Asimismo la gesti\u00f3n de Marcel debi\u00f3 asumir un gasto fiscal hipertrofiado, el que debi\u00f3 ajustarse dr\u00e1sticamente. Y en el primer a\u00f1o de su gesti\u00f3n logr\u00f3 normalizar las finanzas p\u00fablicas, luego de registrar un d\u00e9ficit estructural de 10,8% del PIB en 2021. Si bien los indicadores de crecimiento de la econom\u00eda estuvieron en torno al 2,5%, en las \u00faltimas cifras entregadas por el Banco Central, refuerzan la percepci\u00f3n de que la econom\u00eda ha entrado en curso de recuperaci\u00f3n. Por lo que, de no mediar situaciones no previstas, en el pr\u00f3ximo per\u00edodo se podr\u00eda crecer en torno al 3%.<br>Mario Marcel efectu\u00f3 un aporte sustantivo a la estabilidad institucional de Chile. La administraci\u00f3n del presidente Boric carec\u00eda de cuadros t\u00e9cnicos con experiencia probada en gesti\u00f3n econ\u00f3mica, as\u00ed como en otras \u00e1reas sensibles como seguridad o trabajo. Debe valorarse la decisi\u00f3n presidencial de inclinarse por un cuadro de la ex concertaci\u00f3n de partidos por la democracia. El presidente Boric debi\u00f3 superar el peso de su cr\u00edtica ac\u00e9rrima a los gobiernos de centro izquierda, para mirar por el bien del pa\u00eds. Esa decisi\u00f3n fue clave para poder darle estabilidad a la actual administraci\u00f3n. La vara que dej\u00f3 Mario Marcel es inalcanzable para su nobel sucesor, s\u00f3lo esperemos que el ejemplo de rigor acad\u00e9mico, de prudencia, y sobre todo la habilidad<br>pol\u00edtica del ex ministro Marcel, haya hecho escuela en el gabinete.<br>Finalmente, el aporte que ha hecho CIEPLAN al desarrollo econ\u00f3mico e institucional de nuestro pa\u00eds es invaluable, de sus filas salieron los investigadores que asumieron nada menos que quince altos cargos en las administraciones de centro izquierda, y fueron cinco ministros de hacienda, que salieron de all\u00ed.<\/p>\n\n\n\n<p>Una contribuci\u00f3n neta que debe destacarse.<br>No existen suficientes calificativos para prodigar en un discurso de despedida de gabinete al ex<br>ministro Marcel. Tanto \u00e9l como la ex ministra de interior, Carolina Toh\u00e1, permitieron a esta administraci\u00f3n sortear los titubeos y tropiezos iniciales, y concluir el mandato con estabilidad econ\u00f3mica, social y pol\u00edtica. No es poca cosa, dadas las complejidades vividas en el primer a\u00f1o de gobierno. Don Mario Marcel, Chile entero le da las gracias.<br>Ernesto Sep\u00falveda Tornero<\/p>\n\n\n\n<p><\/p>\n","protected":false},"excerpt":{"rendered":"<p>Esta semana el mundo econ\u00f3mico recibi\u00f3 una noticia que lo dej\u00f3 expectante por algunas horas. ElMinistro de Hacienda, Mario Marcel uno de los cuadros m\u00e1s brillantes del socialismo democr\u00e1tico renunciaba&#8230; <a class=\"read-more\" href=\"https:\/\/www.radiopresidenteibanez.cl\/web\/mario-marcel-un-hombre-de-estado\/\">Leer m\u00e1s<\/a><\/p>\n","protected":false},"author":2,"featured_media":58442,"comment_status":"closed","ping_status":"closed","sticky":false,"template":"","format":"standard","meta":{"footnotes":""},"categories":[1],"tags":[],"class_list":["post-58441","post","type-post","status-publish","format-standard","has-post-thumbnail","hentry","category-cronica"],"_links":{"self":[{"href":"https:\/\/www.radiopresidenteibanez.cl\/web\/wp-json\/wp\/v2\/posts\/58441","targetHints":{"allow":["GET"]}}],"collection":[{"href":"https:\/\/www.radiopresidenteibanez.cl\/web\/wp-json\/wp\/v2\/posts"}],"about":[{"href":"https:\/\/www.radiopresidenteibanez.cl\/web\/wp-json\/wp\/v2\/types\/post"}],"author":[{"embeddable":true,"href":"https:\/\/www.radiopresidenteibanez.cl\/web\/wp-json\/wp\/v2\/users\/2"}],"replies":[{"embeddable":true,"href":"https:\/\/www.radiopresidenteibanez.cl\/web\/wp-json\/wp\/v2\/comments?post=58441"}],"version-history":[{"count":0,"href":"https:\/\/www.radiopresidenteibanez.cl\/web\/wp-json\/wp\/v2\/posts\/58441\/revisions"}],"wp:featuredmedia":[{"embeddable":true,"href":"https:\/\/www.radiopresidenteibanez.cl\/web\/wp-json\/wp\/v2\/media\/58442"}],"wp:attachment":[{"href":"https:\/\/www.radiopresidenteibanez.cl\/web\/wp-json\/wp\/v2\/media?parent=58441"}],"wp:term":[{"taxonomy":"category","embeddable":true,"href":"https:\/\/www.radiopresidenteibanez.cl\/web\/wp-json\/wp\/v2\/categories?post=58441"},{"taxonomy":"post_tag","embeddable":true,"href":"https:\/\/www.radiopresidenteibanez.cl\/web\/wp-json\/wp\/v2\/tags?post=58441"}],"curies":[{"name":"wp","href":"https:\/\/api.w.org\/{rel}","templated":true}]}}