{"id":58438,"date":"2025-08-24T16:17:00","date_gmt":"2025-08-24T19:17:00","guid":{"rendered":"https:\/\/www.radiopresidenteibanez.cl\/web\/?p=58438"},"modified":"2025-08-24T14:48:57","modified_gmt":"2025-08-24T17:48:57","slug":"mas-de-mil-asistentes-celebraron-con-alegria-el-dia-de-la-ninez-en-el-gimnasio-fiscal-de-punta-arenas","status":"publish","type":"post","link":"https:\/\/www.radiopresidenteibanez.cl\/web\/mas-de-mil-asistentes-celebraron-con-alegria-el-dia-de-la-ninez-en-el-gimnasio-fiscal-de-punta-arenas\/","title":{"rendered":"M\u00e1s de mil asistentes celebraron con alegr\u00eda el D\u00eda de la Ni\u00f1ez en el Gimnasio Fiscal de Punta Arenas"},"content":{"rendered":"\n<p>Pese a la lluvia, m\u00e1s de 1.200 personas participaron este s\u00e1bado en la Gran Fiesta del D\u00eda de la Ni\u00f1ez, desarrollada en el Gimnasio Fiscal de Punta Arenas, en una jornada cargada de alegr\u00eda, color y actividades para toda la familia.<br>El evento fue organizado por la Delegaci\u00f3n Presidencial Regional de Magallanes, el Instituto<br>Nacional de Deportes (IND) y la Seremi del Deporte, con el apoyo de numerosas instituciones<br>p\u00fablicas y privadas. Desde las 15:30 hasta las 18:30 horas, el recinto se transform\u00f3 en un<br>verdadero parque de entretenciones, con juegos inflables, simuladores, muestras deportivas,<br>exposiciones de veh\u00edculos de emergencia, pintacaritas, corp\u00f3reos, bailes, stands interactivos y<br>mucho m\u00e1s.<br>\u201cEsta actividad est\u00e1 siendo un completo \u00e9xito\u201d, destac\u00f3 el Delegado Presidencial Regional, Jos\u00e9<br>Ruiz Pivcevic. \u201cQuiero agradecer toda la coordinaci\u00f3n y el despliegue del IND, Gobierno en<br>Terreno, las instituciones, Fuerzas Armadas, Carabineros, PDI, Gendarmer\u00eda y servicios p\u00fablicos<br>que hoy han orientado su labor hacia la ni\u00f1ez. Esta es una actividad destinada a la familia y<br>tambi\u00e9n un espacio para promover campa\u00f1as como el \u201cBuen Trato en Movimiento\u201d, impulsado<br>por el Ministerio de Desarrollo Social y Familia, que promueven peque\u00f1as acciones cotidianas para<br>construir una sociedad m\u00e1s amable\u201d.<br>Seremi de Agricultura, Seremi de Bienes Nacionales, Seremi de Deporte, Seremi de Educaci\u00f3n,<br>Seremi de Cultura, Seremi de Salud, Seremi de Medioambiente, Seremi de Justicia, Seremi<br>deTransporte, Directora del Servicio de Salud, Director IND, Servicio Local de Educaci\u00f3n P\u00fablica.<br>El evento cont\u00f3 con una sala divergente y con la atenci\u00f3n de funcionarias y funcionarios de todos<br>los servicios e instituciones participantes, quienes contribuyeron activamente a generar un<br>ambiente de seguridad, conocimiento, entretenci\u00f3n y alegr\u00eda para las familias. Estos espacios<br>permitieron que la celebraci\u00f3n fuera verdaderamente inclusiva y acogedora para todas las<br>infancias.<br>\u201cNos propusimos hacer una fiesta que no dejara a nadie fuera\u201d, subray\u00f3 el Seremi del Deporte,<br>Alejandro Olate Levet. \u201cNos hemos superado todos los a\u00f1os en los hitos que realizamos a trav\u00e9s<br>del tremendo giro del IND para poder otorgar estos espacios de manera gratuita. Y esto es una<br>fiesta, cierto, una fiesta para los ni\u00f1os, para las familias, no solamente en los servicios p\u00fablicos<\/p>\n\n\n\n<p>sino que tambi\u00e9n en instituciones de las Fuerzas Armadas y dar a conocer la labor que se hace en<br>nuestra regi\u00f3n de Magallanes. Por lo tanto, las metas se superan a\u00f1o a a\u00f1o.\u201d.<br>El encuentro fue tambi\u00e9n una oportunidad para fortalecer el trabajo conjunto entre organismos<br>p\u00fablicos y privados. Participaron activamente instituciones como el Ej\u00e9rcito, Fuerza A\u00e9rea,<br>Armada, Carabineros, Gendarmer\u00eda, PDI, Junji, Fundaci\u00f3n Integra, Seremi de Salud, Servicio de<br>Salud, Seremi de Educaci\u00f3n, Servicio Local de Educaci\u00f3n, Seremi de Agricultura, SAG, BancoEstado,<br>Cruz Roja, Radio Controlados, Club de Leones, entre otros.<br>\u201cEsta es una fiesta hecha con cari\u00f1o, planificaci\u00f3n y un profundo sentido del servicio\u201d, se\u00f1al\u00f3 el<br>Director Regional del IND, H\u00e9ctor Serka. \u201cMagallanes nuevamente nos sorprende. Estimamos m\u00e1s<br>de mil asistentes, y el recinto ya nos qued\u00f3 peque\u00f1o. El pr\u00f3ximo a\u00f1o queremos ampliar el evento<br>sumando el Centro Elige Vivir Sano. El programa Crecer en Movimiento, que impulsa esta<br>iniciativa, cuenta con m\u00e1s de 150 talleres durante todo el a\u00f1o. Celebramos la ni\u00f1ez todos los d\u00edas\u201d.<br>Desde el \u00e1mbito educativo, el evento fue una instancia para visibilizar el trabajo colaborativo del<br>sector. \u201cEstamos muy contentos de participar como sector Educaci\u00f3n\u201d, expres\u00f3 el Seremi de<br>Educaci\u00f3n, Valent\u00edn Aguilera. \u201cEn la regi\u00f3n de Magallanes y Ant\u00e1rtica Chilena hay m\u00e1s de treinta<br>mil estudiantes en el sistema escolar, m\u00e1s de cuatro mil ni\u00f1os y ni\u00f1as en la educaci\u00f3n parvularia y<br>por eso instituciones como el Servicio Local de Educaci\u00f3n P\u00fablica, el programa Habilidades para la<br>Vida de Junaeb, en conjunto con el Centro de Formaci\u00f3n T\u00e9cnica, JUNJI, Integra, los equipos de<br>educaci\u00f3n del Ministerio est\u00e1n hoy d\u00eda acompa\u00f1ando, participando de esta hermosa fiesta que<br>est\u00e1 dirigida a toda la ni\u00f1ez de nuestra regi\u00f3n.\u201d.<br>La Seremi de Salud, Lidia Amarales, tambi\u00e9n destac\u00f3 la importancia de una mirada integral hacia el<br>desarrollo infantil: \u201cEs fundamental ver a los ni\u00f1os en forma integral, participando con sus padres<br>en actividades f\u00edsicas y l\u00fadicas\u201d, indic\u00f3. \u201cTenemos programas que van desde la promoci\u00f3n de la<br>lactancia materna \u2014con un 88% de los reci\u00e9n nacidos egresando del hospital alimentados con<br>pecho\u2014 hasta el diagn\u00f3stico precoz del espectro autista, que hoy cuenta con atenci\u00f3n<br>interdisciplinaria en la atenci\u00f3n primaria. Adem\u00e1s, hemos incorporado anticuerpos monoclonales<br>en nuestro plan de vacunaci\u00f3n para evitar hospitalizaciones graves por virus sincicial. Aqu\u00ed vemos<br>c\u00f3mo las pol\u00edticas p\u00fablicas est\u00e1n orientadas a mejorar la calidad de vida de nuestros ni\u00f1os y<br>ni\u00f1as\u201d.<br>Las familias asistentes tambi\u00e9n valoraron la instancia<br>Sandra, madre de dos ni\u00f1os, se\u00f1al\u00f3: \u201cEs poco frecuente tener actividades tan variadas. Aunque<br>llov\u00eda, decidimos venir a disfrutar. Los chicos lo pasaron genial\u201d:<br>H\u00e9ctor Ib\u00e1\u00f1ez, pap\u00e1 primerizo en este evento, coment\u00f3: \u201cHay pocas actividades cuando el clima<br>no acompa\u00f1a. Aqu\u00ed hay varias alternativas y se agradece\u201d.<br>Mientras que Isabela Galindo, una ni\u00f1a entusiasta, destac\u00f3: \u201c\u00a1Est\u00e1 s\u00faper divertido! Te dan folletos,<br>puedes pintar, jugar con plasticina\u2026 y lo mejor es que es gratis. Me encantar\u00eda que se repitiera\u201d.<\/p>\n\n\n\n<p>Martina, otra peque\u00f1a participante, resumi\u00f3 su experiencia as\u00ed: \u201cMe pareci\u00f3 bien porque vine con<br>mi amiga. Fue un buen d\u00eda con muchas actividades divertidas\u201d.<br>La jornada cont\u00f3 con la participaci\u00f3n activa de diversas autoridades regionales, entre ellas la<br>Seremi de Agricultura, Irene Ram\u00edrez, Seremi de Bienes Nacionales, Sergio Reyes, Seremi del<br>Deporte, Alejandro Olate, Seremi de Educaci\u00f3n, Valent\u00edn Aguilera, Seremi de las Culturas, las Artes<br>y el Patrimonio, Luis Navarro, Seremi de Salud, Lidia Amarales, Seremi del Medio Ambiente,<br>Enrique Rebolledo, Seremi de Justicia y Derechos Humanos, Michelle Peutat y Seremi de<br>Transportes y Telecomunicaciones, Alejandro Goich. Tambi\u00e9n estuvieron presentes la Directora<br>del Servicio de Salud Magallanes, Ver\u00f3nica Y\u00e1\u00f1ez, el Director Regional del Instituto Nacional de<br>Deportes (IND), H\u00e9ctor Serka y representantes del Servicio Local de Educaci\u00f3n P\u00fablica,<br>reafirmando el compromiso intersectorial con el bienestar y desarrollo integral de la ni\u00f1ez.<br>En el evento todos disfrutaron de la m\u00fasica, lindos corp\u00f3reos, bailes, animalitos, simulador de<br>vuelo, diversas disciplinas deportivas y cientos de sonrisas, consolidando una celebraci\u00f3n<br>participativa, inclusiva y profundamente comunitaria, y dejando una huella positiva en las familias<br>asistentes.<\/p>\n","protected":false},"excerpt":{"rendered":"<p>Pese a la lluvia, m\u00e1s de 1.200 personas participaron este s\u00e1bado en la Gran Fiesta del D\u00eda de la Ni\u00f1ez, desarrollada en el Gimnasio Fiscal de Punta Arenas, en una&#8230; <a class=\"read-more\" href=\"https:\/\/www.radiopresidenteibanez.cl\/web\/mas-de-mil-asistentes-celebraron-con-alegria-el-dia-de-la-ninez-en-el-gimnasio-fiscal-de-punta-arenas\/\">Leer m\u00e1s<\/a><\/p>\n","protected":false},"author":2,"featured_media":58439,"comment_status":"closed","ping_status":"closed","sticky":false,"template":"","format":"standard","meta":{"footnotes":""},"categories":[1],"tags":[],"class_list":["post-58438","post","type-post","status-publish","format-standard","has-post-thumbnail","hentry","category-cronica"],"_links":{"self":[{"href":"https:\/\/www.radiopresidenteibanez.cl\/web\/wp-json\/wp\/v2\/posts\/58438","targetHints":{"allow":["GET"]}}],"collection":[{"href":"https:\/\/www.radiopresidenteibanez.cl\/web\/wp-json\/wp\/v2\/posts"}],"about":[{"href":"https:\/\/www.radiopresidenteibanez.cl\/web\/wp-json\/wp\/v2\/types\/post"}],"author":[{"embeddable":true,"href":"https:\/\/www.radiopresidenteibanez.cl\/web\/wp-json\/wp\/v2\/users\/2"}],"replies":[{"embeddable":true,"href":"https:\/\/www.radiopresidenteibanez.cl\/web\/wp-json\/wp\/v2\/comments?post=58438"}],"version-history":[{"count":0,"href":"https:\/\/www.radiopresidenteibanez.cl\/web\/wp-json\/wp\/v2\/posts\/58438\/revisions"}],"wp:featuredmedia":[{"embeddable":true,"href":"https:\/\/www.radiopresidenteibanez.cl\/web\/wp-json\/wp\/v2\/media\/58439"}],"wp:attachment":[{"href":"https:\/\/www.radiopresidenteibanez.cl\/web\/wp-json\/wp\/v2\/media?parent=58438"}],"wp:term":[{"taxonomy":"category","embeddable":true,"href":"https:\/\/www.radiopresidenteibanez.cl\/web\/wp-json\/wp\/v2\/categories?post=58438"},{"taxonomy":"post_tag","embeddable":true,"href":"https:\/\/www.radiopresidenteibanez.cl\/web\/wp-json\/wp\/v2\/tags?post=58438"}],"curies":[{"name":"wp","href":"https:\/\/api.w.org\/{rel}","templated":true}]}}