{"id":58434,"date":"2025-08-24T14:43:28","date_gmt":"2025-08-24T17:43:28","guid":{"rendered":"https:\/\/www.radiopresidenteibanez.cl\/web\/?p=58434"},"modified":"2025-08-24T14:44:58","modified_gmt":"2025-08-24T17:44:58","slug":"instalan-totem-de-auto-atencion-para-usuarios-del-transporte-publico-mayor-en-zona-austral","status":"publish","type":"post","link":"https:\/\/www.radiopresidenteibanez.cl\/web\/instalan-totem-de-auto-atencion-para-usuarios-del-transporte-publico-mayor-en-zona-austral\/","title":{"rendered":"Instalan t\u00f3tem de auto atenci\u00f3n para usuarios del transporte p\u00fablico mayor en Zona Austral"},"content":{"rendered":"\n<p>\u201cNos hemos preocupado de dar todo tipo de facilidades para las y los usuarios del<br>transporte p\u00fablico en este paso a la modernizaci\u00f3n del servicio. Una de ellas, es la<br>disposici\u00f3n de este t\u00f3tem digital donde las personas podr\u00e1n consultar saldo y cargar sus<br>tarjetas, en un espacio seguro donde adem\u00e1s hay muchos otros servicios para quienes<br>circulan a diario en el sector\u201d, dijo el seremi de Transportes y Telecomunicaciones<br>Alejandro Goich al momento de dar al uso del p\u00fablico el t\u00f3tem de auto atenci\u00f3n en el<br>m\u00f3dulo central de Zona Austral.<br>Este polo comercial y de servicios del sector norte de la ciudad, se caracteriza por recibir en<br>promedio 900 mil visitas al mes, seg\u00fan inform\u00f3 Francisco Aliste subgerente de Negocios y<br>Marketing del recinto franco. Es adem\u00e1s un punto de salida del sistema de transporte Red<br>Punta Arenas, parada habitual de cientos de magall\u00e1nicos usuarios del servicio.<br>Dos mil 600 personas se desempe\u00f1an en el tradicional establecimiento, muchas de ellas<br>usuarias del transporte p\u00fablico. \u201cPara nosotros es una responsabilidad acercar la mayor<br>cantidad de servicios a la gente para que puedan encontrar en este lugar todo lo que<br>necesitan\u201d, indic\u00f3 Aliste. Adem\u00e1s, en Zona Austral hay dos puntos de venta y recarga de<br>tarjetas entre sus locales comerciales.<br>En el t\u00f3tem, las y los pasajeros podr\u00e1n revisar el saldo de sus tarjetas, sean estas de p\u00fablico<br>general, estudiantes o personas mayores. Asimismo, se podr\u00e1n cargar todas las tarjetas,<br>revisar los 83 puntos de venta y recarga desplegados por toda la ciudad en un mapa<br>georreferenciado y conocer los canales de contacto de servicio al cliente (mail y tel\u00e9fono)<br>de la empresa operadora del sistema de recaudo, Bipay.<br>El dispositivo se encuentra en el primer piso del m\u00f3dulo central, en el pasillo que dirige<br>hacia la cancha de patinaje, junto al t\u00f3tem de auto atenci\u00f3n del Registro Civil.<\/p>\n","protected":false},"excerpt":{"rendered":"<p>\u201cNos hemos preocupado de dar todo tipo de facilidades para las y los usuarios deltransporte p\u00fablico en este paso a la modernizaci\u00f3n del servicio. Una de ellas, es ladisposici\u00f3n de&#8230; <a class=\"read-more\" href=\"https:\/\/www.radiopresidenteibanez.cl\/web\/instalan-totem-de-auto-atencion-para-usuarios-del-transporte-publico-mayor-en-zona-austral\/\">Leer m\u00e1s<\/a><\/p>\n","protected":false},"author":2,"featured_media":58435,"comment_status":"closed","ping_status":"closed","sticky":false,"template":"","format":"standard","meta":{"footnotes":""},"categories":[1],"tags":[],"class_list":["post-58434","post","type-post","status-publish","format-standard","has-post-thumbnail","hentry","category-cronica"],"_links":{"self":[{"href":"https:\/\/www.radiopresidenteibanez.cl\/web\/wp-json\/wp\/v2\/posts\/58434","targetHints":{"allow":["GET"]}}],"collection":[{"href":"https:\/\/www.radiopresidenteibanez.cl\/web\/wp-json\/wp\/v2\/posts"}],"about":[{"href":"https:\/\/www.radiopresidenteibanez.cl\/web\/wp-json\/wp\/v2\/types\/post"}],"author":[{"embeddable":true,"href":"https:\/\/www.radiopresidenteibanez.cl\/web\/wp-json\/wp\/v2\/users\/2"}],"replies":[{"embeddable":true,"href":"https:\/\/www.radiopresidenteibanez.cl\/web\/wp-json\/wp\/v2\/comments?post=58434"}],"version-history":[{"count":0,"href":"https:\/\/www.radiopresidenteibanez.cl\/web\/wp-json\/wp\/v2\/posts\/58434\/revisions"}],"wp:featuredmedia":[{"embeddable":true,"href":"https:\/\/www.radiopresidenteibanez.cl\/web\/wp-json\/wp\/v2\/media\/58435"}],"wp:attachment":[{"href":"https:\/\/www.radiopresidenteibanez.cl\/web\/wp-json\/wp\/v2\/media?parent=58434"}],"wp:term":[{"taxonomy":"category","embeddable":true,"href":"https:\/\/www.radiopresidenteibanez.cl\/web\/wp-json\/wp\/v2\/categories?post=58434"},{"taxonomy":"post_tag","embeddable":true,"href":"https:\/\/www.radiopresidenteibanez.cl\/web\/wp-json\/wp\/v2\/tags?post=58434"}],"curies":[{"name":"wp","href":"https:\/\/api.w.org\/{rel}","templated":true}]}}