{"id":58430,"date":"2025-08-22T18:17:00","date_gmt":"2025-08-22T21:17:00","guid":{"rendered":"https:\/\/www.radiopresidenteibanez.cl\/web\/?p=58430"},"modified":"2025-08-22T21:21:42","modified_gmt":"2025-08-23T00:21:42","slug":"magallanes-constituye-la-primera-mesa-regional-demujeres-cuidadoras","status":"publish","type":"post","link":"https:\/\/www.radiopresidenteibanez.cl\/web\/magallanes-constituye-la-primera-mesa-regional-demujeres-cuidadoras\/","title":{"rendered":"Magallanes constituye la primera Mesa Regional deMujeres Cuidadoras"},"content":{"rendered":"\n<p>Durante la primera sesi\u00f3n se eligi\u00f3 a la representante regional que<br>participar\u00e1 en la instancia nacional junto con la aprobaci\u00f3n del plan de<br>trabajo para el segundo semestre del 2025.<br>Con la participaci\u00f3n de representantes de diversas agrupaciones y organizaciones sociales<br>de mujeres cuidadoras o vinculadas a tem\u00e1ticas de cuidados, se concret\u00f3 en Punta Arenas<br>la conformaci\u00f3n y la primera sesi\u00f3n de la Mesa Regional de Mujeres Cuidadoras de<br>Magallanes, compromiso asumido por el Ministerio de la Mujer y la Equidad de G\u00e9nero en<br>el marco del Plan Nacional de Apoyos y Cuidados \u201cChile Cuida\u201d.<br>La jornada desarrollada en la capital regional tuvo por objetivo la presentaci\u00f3n de la mesa,<br>la elecci\u00f3n de la representante regional que participar\u00e1 en la mesa nacional, la aprobaci\u00f3n<br>del plan de trabajo y la planificaci\u00f3n de la segunda sesi\u00f3n de la mesa regional.<br>En esta primera instancia, adem\u00e1s de la participaci\u00f3n presencial, se conectaron de manera<br>remota mujeres cuidadoras de distintas provincias de la regi\u00f3n, quienes ya se<br>encuentran organizadas y aportaron desde su experiencia y mirada territorial a la<br>discusi\u00f3n.<br>La conformaci\u00f3n de esta mesa en la regi\u00f3n de Magallanes cumple con un car\u00e1cter<br>intersectorial, a fin de unificar el abordaje de los cuidados de manera colaborativa con<br>instituciones que ya desarrollan acciones en la materia, tales como el Gobierno Regional<br>de Magallanes y la Seremi de Desarrollo Social y Familia, quienes hicieron una<br>presentaci\u00f3n a las asistentes sobre su oferta.<br>La seremi de la Mujer y la Equidad de G\u00e9nero, Alejandra Ruiz Ovando, subray\u00f3 la<br>importancia de este hito \u201cpues esta mesa permitir\u00e1 que las mujeres cuidadoras de<br>Magallanes cuenten con un espacio de representaci\u00f3n, informaci\u00f3n y participaci\u00f3n<br>respecto a los avances en pol\u00edticas p\u00fablicas en materia de cuidados. Los cuidados, que<br>hist\u00f3ricamente han reca\u00eddo en las mujeres y de manera no remunerada, comienzan<br>tambi\u00e9n a ser reconocidos y asumidos por el Estado como una responsabilidad social\u201d.<\/p>\n","protected":false},"excerpt":{"rendered":"<p>Durante la primera sesi\u00f3n se eligi\u00f3 a la representante regional queparticipar\u00e1 en la instancia nacional junto con la aprobaci\u00f3n del plan detrabajo para el segundo semestre del 2025.Con la participaci\u00f3n&#8230; <a class=\"read-more\" href=\"https:\/\/www.radiopresidenteibanez.cl\/web\/magallanes-constituye-la-primera-mesa-regional-demujeres-cuidadoras\/\">Leer m\u00e1s<\/a><\/p>\n","protected":false},"author":2,"featured_media":58431,"comment_status":"closed","ping_status":"closed","sticky":false,"template":"","format":"standard","meta":{"footnotes":""},"categories":[1],"tags":[],"class_list":["post-58430","post","type-post","status-publish","format-standard","has-post-thumbnail","hentry","category-cronica"],"_links":{"self":[{"href":"https:\/\/www.radiopresidenteibanez.cl\/web\/wp-json\/wp\/v2\/posts\/58430","targetHints":{"allow":["GET"]}}],"collection":[{"href":"https:\/\/www.radiopresidenteibanez.cl\/web\/wp-json\/wp\/v2\/posts"}],"about":[{"href":"https:\/\/www.radiopresidenteibanez.cl\/web\/wp-json\/wp\/v2\/types\/post"}],"author":[{"embeddable":true,"href":"https:\/\/www.radiopresidenteibanez.cl\/web\/wp-json\/wp\/v2\/users\/2"}],"replies":[{"embeddable":true,"href":"https:\/\/www.radiopresidenteibanez.cl\/web\/wp-json\/wp\/v2\/comments?post=58430"}],"version-history":[{"count":0,"href":"https:\/\/www.radiopresidenteibanez.cl\/web\/wp-json\/wp\/v2\/posts\/58430\/revisions"}],"wp:featuredmedia":[{"embeddable":true,"href":"https:\/\/www.radiopresidenteibanez.cl\/web\/wp-json\/wp\/v2\/media\/58431"}],"wp:attachment":[{"href":"https:\/\/www.radiopresidenteibanez.cl\/web\/wp-json\/wp\/v2\/media?parent=58430"}],"wp:term":[{"taxonomy":"category","embeddable":true,"href":"https:\/\/www.radiopresidenteibanez.cl\/web\/wp-json\/wp\/v2\/categories?post=58430"},{"taxonomy":"post_tag","embeddable":true,"href":"https:\/\/www.radiopresidenteibanez.cl\/web\/wp-json\/wp\/v2\/tags?post=58430"}],"curies":[{"name":"wp","href":"https:\/\/api.w.org\/{rel}","templated":true}]}}