{"id":58427,"date":"2025-08-22T17:14:00","date_gmt":"2025-08-22T20:14:00","guid":{"rendered":"https:\/\/www.radiopresidenteibanez.cl\/web\/?p=58427"},"modified":"2025-08-22T21:17:29","modified_gmt":"2025-08-23T00:17:29","slug":"servicio-de-registro-civil-e-identificacion-difunde-posesiones-efectivas-a-la-ciudadania","status":"publish","type":"post","link":"https:\/\/www.radiopresidenteibanez.cl\/web\/servicio-de-registro-civil-e-identificacion-difunde-posesiones-efectivas-a-la-ciudadania\/","title":{"rendered":"SERVICIO DE REGISTRO CIVIL E IDENTIFICACI\u00d3N DIFUNDE POSESIONES EFECTIVAS A LA CIUDADAN\u00cdA"},"content":{"rendered":"\n<p>Dentro de sus planes de trabajo para acercar sus prestaciones y productos a la ciudadan\u00eda, el<br>Servicio de Registro Civil e Identificaci\u00f3n ofreci\u00f3 esta semana una charla sobre Posesiones<br>Efectivas en la sede regional de la C\u00e1mara Chilena de la Construcci\u00f3n, la cual estuvo abierta a la<br>comunidad magall\u00e1nica.<br>La actividad fue encabezada por la Seremi de Justicia y DD.HH., Michelle Peutat, y la Directora<br>Regional del Registro Civil e Identificaci\u00f3n, Lorena Bustamante. En la oportunidad, Arturo Aranda,<br>Abogado de la Unidad Jur\u00eddica Regional del Registro Civil, abord\u00f3 diversos aspectos de la Ley N\u00b0<br>19.903 sobre el Procedimiento para otorgar la Posesi\u00f3n Efectiva de la Herencia. Explic\u00f3 que la<br>posici\u00f3n efectiva es un tr\u00e1mite que se realiza, en este caso, ante el servicio p\u00fablico -tambi\u00e9n<br>puede ser ante los tribunales-, pero que en s\u00ed mismo no constituye una disposici\u00f3n de bienes, sino<br>que busca determinar qui\u00e9nes son todos los herederos de una persona fallecida.<br>El profesional se\u00f1al\u00f3 que en una posici\u00f3n efectiva los herederos de una persona difunta se<br>determinan al d\u00eda de su fallecimiento, defini\u00e9ndose en base a los denominados \u00d3rdenes de<br>Sucesi\u00f3n: 1\u00b0 Descendientes y C\u00f3nyuge; 2\u00b0 Ascendientes y C\u00f3nyuge; 3\u00b0 Hermanos\/as; 4\u00b0 Colaterales<br>hasta el sexto grado; 5\u00b0 Fisco de Chile.<br>La tramitaci\u00f3n de una posesi\u00f3n efectiva puede resultar gratuita o afecta al pago de un arancel.<br>Una vez detallados en el inventario los bienes y deudas y su valoraci\u00f3n, se determina el valor total<br>o masa hereditaria dejada por el causante o fallecido. Si el total de la masa hereditaria -esto es, el<br>valor de todos los bienes-, no supera las 15 Unidades Tributarias Anuales, UTA ($12.356.460),<br>estar\u00e1 exenta de pago. Si superan las 15 UTA y hasta 45 UTA ($37.069.380), se paga arancel de 1,6<br>UTM de arancel ($109.835); y superiores a 45 UTA, se paga 2,5 UTM ($171.618).<br>Entre las novedades, remarc\u00f3 que hace dos a\u00f1os, en virtud de la nueva Ley de Control de Armas,<br>se incorpor\u00f3 un recuadro especial en el inventario de bienes, relativo a la individualizaci\u00f3n de las<br>armas de fuego que haya podido tener inscritas a su nombre.<br>En la oportunidad, la Directora Regional del servicio, Lorena Bustamante, subray\u00f3 el \u00e9xito de esta<br>charla como equipo: \u201cEste evento refleja nuestro compromiso de empoderar a la comunidad con el<br>conocimiento necesario para conocer procesos legales importantes. La participaci\u00f3n y las valiosas<br>preguntas demuestran la relevancia de estos temas para nuestros ciudadanos y ciudadanas.<\/p>\n\n\n\n<p>D\u00edas<\/p>\n\n\n\n<p>Seguiremos ofreciendo instancias como esta, acercando la informaci\u00f3n y el apoyo a quienes m\u00e1s lo<br>necesitan\u201d.<br>Para la Seremi de Justicia y DD.HH., Michelle Peutat, fue una actividad muy fruct\u00edfera y que<br>despert\u00f3 bastante inter\u00e9s, con una amplia convocatoria: \u201cEl Registro Civil es un servicio que<br>trabaja permanentemente en terreno y de manera cercana con la ciudadan\u00eda. No se limita a los<br>operativos de c\u00e9dulas de identidad, sino que tambi\u00e9n aborda materias que son esenciales para la<br>vida cotidiana de las personas, entregando apoyo y orientaci\u00f3n en tr\u00e1mites que impactan<br>directamente en sus familias y comunidades\u201d. En este caso en particular, destac\u00f3 que la charla<br>sobre posesi\u00f3n efectiva gener\u00f3 muchas preguntas como \u201cun tr\u00e1mite que, si bien no es de dif\u00edcil<br>comprensi\u00f3n o acceso, siempre genera dudas al momento del fallecimiento de un familiar. Y en ese sentido, el Registro Civil no solo entrega orientaci\u00f3n en actividades como \u00e9sta, sino que tambi\u00e9n en cada una de sus oficinas, donde permanentemente est\u00e1 disponible para aclarar inquietudes y acompa\u00f1ar a las familias en este proceso\u201d.<br>Entre los asistentes a la charla, Jos\u00e9 Fern\u00e1ndez destac\u00f3 la calidad de la exposici\u00f3n, \u00abporque me<br>ayud\u00f3 a aclarar dudas, definir conceptos, saber procedimientos, tramitaci\u00f3n, excepciones, valores,<br>m\u00e9todos de pago. Encontr\u00e9 que fue bastante completa para la duraci\u00f3n de la charla\u00bb.<br>Por su parte, Miren Aguirrechea resalt\u00f3 que \u201cla actividad fue muy \u00fatil, la verdad. Me sac\u00f3 de<br>hartas dudas. Qued\u00f3 muy claro y bien precisa la informaci\u00f3n\u201d.<\/p>\n","protected":false},"excerpt":{"rendered":"<p>Dentro de sus planes de trabajo para acercar sus prestaciones y productos a la ciudadan\u00eda, elServicio de Registro Civil e Identificaci\u00f3n ofreci\u00f3 esta semana una charla sobre PosesionesEfectivas en la&#8230; <a class=\"read-more\" href=\"https:\/\/www.radiopresidenteibanez.cl\/web\/servicio-de-registro-civil-e-identificacion-difunde-posesiones-efectivas-a-la-ciudadania\/\">Leer m\u00e1s<\/a><\/p>\n","protected":false},"author":2,"featured_media":58428,"comment_status":"closed","ping_status":"closed","sticky":false,"template":"","format":"standard","meta":{"footnotes":""},"categories":[1],"tags":[],"class_list":["post-58427","post","type-post","status-publish","format-standard","has-post-thumbnail","hentry","category-cronica"],"_links":{"self":[{"href":"https:\/\/www.radiopresidenteibanez.cl\/web\/wp-json\/wp\/v2\/posts\/58427","targetHints":{"allow":["GET"]}}],"collection":[{"href":"https:\/\/www.radiopresidenteibanez.cl\/web\/wp-json\/wp\/v2\/posts"}],"about":[{"href":"https:\/\/www.radiopresidenteibanez.cl\/web\/wp-json\/wp\/v2\/types\/post"}],"author":[{"embeddable":true,"href":"https:\/\/www.radiopresidenteibanez.cl\/web\/wp-json\/wp\/v2\/users\/2"}],"replies":[{"embeddable":true,"href":"https:\/\/www.radiopresidenteibanez.cl\/web\/wp-json\/wp\/v2\/comments?post=58427"}],"version-history":[{"count":0,"href":"https:\/\/www.radiopresidenteibanez.cl\/web\/wp-json\/wp\/v2\/posts\/58427\/revisions"}],"wp:featuredmedia":[{"embeddable":true,"href":"https:\/\/www.radiopresidenteibanez.cl\/web\/wp-json\/wp\/v2\/media\/58428"}],"wp:attachment":[{"href":"https:\/\/www.radiopresidenteibanez.cl\/web\/wp-json\/wp\/v2\/media?parent=58427"}],"wp:term":[{"taxonomy":"category","embeddable":true,"href":"https:\/\/www.radiopresidenteibanez.cl\/web\/wp-json\/wp\/v2\/categories?post=58427"},{"taxonomy":"post_tag","embeddable":true,"href":"https:\/\/www.radiopresidenteibanez.cl\/web\/wp-json\/wp\/v2\/tags?post=58427"}],"curies":[{"name":"wp","href":"https:\/\/api.w.org\/{rel}","templated":true}]}}