{"id":58423,"date":"2025-08-22T16:06:00","date_gmt":"2025-08-22T19:06:00","guid":{"rendered":"https:\/\/www.radiopresidenteibanez.cl\/web\/?p=58423"},"modified":"2025-08-22T21:13:59","modified_gmt":"2025-08-23T00:13:59","slug":"chile-reafirma-su-liderazgo-en-la-ciencia-antartica-con-exitoso-isaes-2025-en-punta-arenas","status":"publish","type":"post","link":"https:\/\/www.radiopresidenteibanez.cl\/web\/chile-reafirma-su-liderazgo-en-la-ciencia-antartica-con-exitoso-isaes-2025-en-punta-arenas\/","title":{"rendered":"Chile reafirma su liderazgo en la ciencia ant\u00e1rtica con exitoso ISAES 2025 en Punta Arenas"},"content":{"rendered":"\n<p>Este viernes concluy\u00f3 el XIV Simposio Internacional en Ciencias de la Tierra en la Ant\u00e1rtica (ISAES 2025). El encuentro organizado por el Comit\u00e9 Cient\u00edfico de Investigaci\u00f3n Ant\u00e1rtica (SCAR) y el Instituto Ant\u00e1rtico Chileno (INACH), se desarroll\u00f3 durante cinco d\u00edas en Punta Arenas y congreg\u00f3 finalmente a alrededor de 200 investigadores e investigadoras, incluyendo a destacados referentes mundiales de las geociencias.<\/p>\n\n\n\n<p>Gino Casassa, director del INACH, subray\u00f3 la relevancia de este evento: \u201cSe abordaron diversos temas en geociencias, en un escenario en que incluso los recientes sismos en la zona nos recuerdan lo din\u00e1mico de nuestro territorio y la relevancia de estos estudios. La Ant\u00e1rtica, aunque cubierta casi en su totalidad por hielo, tiene rocas que condicionan el movimiento de los glaciares. Todo est\u00e1 en evoluci\u00f3n y comprender ese pasado y presente es clave para proyectar el futuro, especialmente considerando los efectos del cambio clim\u00e1tico\u201d, expres\u00f3.&nbsp;<\/p>\n\n\n\n<p>En la ceremonia de clausura, Jes\u00fas Galindo-Zald\u00edvar, l\u00edder del grupo de Geociencias de SCAR, se\u00f1al\u00f3: \u201cEn el \u00e1mbito de la geociencia, esta reuni\u00f3n representa una valiosa oportunidad para reactivar actividades y encuentros que fortalecen nuestro trabajo. Es muy significativo realizarlo en Magallanes, una ubicaci\u00f3n privilegiada junto al Estrecho, en una de las principales puertas de entrada a la Ant\u00e1rtica. Quiero agradecer a la organizaci\u00f3n local por las facilidades brindadas para llevar a cabo este encuentro, encabezada por investigadores que hace siete a\u00f1os propusieron a Chile como sede de este nuevo ISAES. Sin duda, este espacio abre camino a nuevas colaboraciones que se ver\u00e1n reflejadas en los pr\u00f3ximos encuentros\u201d.&nbsp;<\/p>\n\n\n\n<p><strong>Positivo balance y amplia participaci\u00f3n<\/strong><\/p>\n\n\n\n<p>Cabe destacar que esta cita internacional congreg\u00f3 tanto a investigadoras e investigadores consolidados como a nuevas generaciones de cient\u00edficos y cient\u00edficas, con una participaci\u00f3n equitativa marcada por la presencia de un 53 % de mujeres y un 47 % de hombres. Durante cinco d\u00edas se realizaron conferencias plenarias de reconocidos expositores internacionales, sesiones tem\u00e1ticas, presentaciones de p\u00f3sters y una variada agenda de actividades paralelas.<\/p>\n\n\n\n<p>Jorge Carrasco, presidente del Comit\u00e9 Nacional de Investigaciones Ant\u00e1rticas (CNIA-SCAR Chile), subray\u00f3 la alta presencia nacional: \u201cEra esperable y positivo que hubiera una amplia participaci\u00f3n chilena, con cerca de 120 investigadores de distintas universidades y centros de investigaci\u00f3n, desde la Universidad de Valpara\u00edso, de Concepci\u00f3n, Santa Mar\u00eda y Andr\u00e9s Bello, hasta la Universidad de Magallanes, entre otras. Esto es valioso porque permite que estudiantes y cient\u00edficos j\u00f3venes interact\u00faen con investigadores con m\u00e1s de 30 o 40 a\u00f1os de experiencia en la Ant\u00e1rtica, escucharlos y conversar con ellos. Fue muy enriquecedor ver, por ejemplo, a los estudiantes de la Universidad de Magallanes en un conversatorio con Gary Wilson, presidente de SCAR, quien comparti\u00f3 sus experiencias de manera cercana\u201d.<\/p>\n\n\n\n<p>Isabel Gim\u00e9nez, parte del comit\u00e9 local y a cargo de la producci\u00f3n del ISAES 2025, se\u00f1al\u00f3: \u00abPara ser la primera vez que se realiza el ISAES en Punta Arenas y, adem\u00e1s, en un contexto pospandemia despu\u00e9s de cuatro a\u00f1os sin reunirnos, el balance es muy positivo. Hubo participantes que viajaron desde lugares tan lejanos como Australia, Jap\u00f3n y Reino Unido, y tambi\u00e9n una importante presencia de pa\u00edses sudamericanos como Per\u00fa, Colombia, Brasil y, por supuesto, Chile, que tuvo la delegaci\u00f3n m\u00e1s numerosa como anfitri\u00f3n\u201d.&nbsp;<\/p>\n\n\n\n<p>Durante el simposio tambi\u00e9n se destac\u00f3 la participaci\u00f3n de diez emprendedoras ligadas al Fondo de Solidaridad e Inversi\u00f3n Social (FOSIS) de la regi\u00f3n de Magallanes y de la Ant\u00e1rtica Chilena, capacitadas por INACH a trav\u00e9s de la iniciativa Antartikanos. Durante el evento ellas exhibieron sus creaciones inspiradas en la Ant\u00e1rtica, vinculando la ciencia con el talento local y la identidad regional.<\/p>\n\n\n\n<p><strong>Chile, gran protagonista de la ciencia ant\u00e1rtica<\/strong><\/p>\n\n\n\n<p>En los \u00faltimos a\u00f1os, Chile ha afianzado su protagonismo como anfitri\u00f3n de grandes encuentros de la ciencia polar. Tras la Conferencia Abierta de SCAR en Puc\u00f3n y la reuni\u00f3n de delegados en Punta Arenas en 2024, ahora ISAES 2025 confirma la capacidad del pa\u00eds para liderar la cooperaci\u00f3n internacional en la regi\u00f3n.<\/p>\n\n\n\n<p>En esa l\u00ednea, Casassa reflexion\u00f3: \u201cChile est\u00e1 entre los diez pa\u00edses con mayor producci\u00f3n cient\u00edfica ant\u00e1rtica y, si consideramos nuestra poblaci\u00f3n, el aporte es a\u00fan m\u00e1s significativo. Esto nos posiciona en las grandes ligas mundiales de la ciencia ant\u00e1rtica, siempre bajo el esp\u00edritu de cooperaci\u00f3n establecido en el Tratado Ant\u00e1rtico, del cual somos signatarios originales desde su fundaci\u00f3n junto a otros 11 pa\u00edses. Hoy son 58 naciones, la mitad con estatus consultivo. Sin duda, Chile es un actor relevante a nivel internacional, pero lo m\u00e1s valioso de la Ant\u00e1rtica es que incluso los pa\u00edses m\u00e1s peque\u00f1os pueden contribuir, siempre que lo hagan con los est\u00e1ndares adecuados. Esa colaboraci\u00f3n internacional es lo que le da sentido y fuerza a la ciencia ant\u00e1rtica\u201d.<\/p>\n","protected":false},"excerpt":{"rendered":"<p>Este viernes concluy\u00f3 el XIV Simposio Internacional en Ciencias de la Tierra en la Ant\u00e1rtica (ISAES 2025). El encuentro organizado por el Comit\u00e9 Cient\u00edfico de Investigaci\u00f3n Ant\u00e1rtica (SCAR) y el&#8230; <a class=\"read-more\" href=\"https:\/\/www.radiopresidenteibanez.cl\/web\/chile-reafirma-su-liderazgo-en-la-ciencia-antartica-con-exitoso-isaes-2025-en-punta-arenas\/\">Leer m\u00e1s<\/a><\/p>\n","protected":false},"author":2,"featured_media":58424,"comment_status":"closed","ping_status":"closed","sticky":false,"template":"","format":"standard","meta":{"footnotes":""},"categories":[1],"tags":[],"class_list":["post-58423","post","type-post","status-publish","format-standard","has-post-thumbnail","hentry","category-cronica"],"_links":{"self":[{"href":"https:\/\/www.radiopresidenteibanez.cl\/web\/wp-json\/wp\/v2\/posts\/58423","targetHints":{"allow":["GET"]}}],"collection":[{"href":"https:\/\/www.radiopresidenteibanez.cl\/web\/wp-json\/wp\/v2\/posts"}],"about":[{"href":"https:\/\/www.radiopresidenteibanez.cl\/web\/wp-json\/wp\/v2\/types\/post"}],"author":[{"embeddable":true,"href":"https:\/\/www.radiopresidenteibanez.cl\/web\/wp-json\/wp\/v2\/users\/2"}],"replies":[{"embeddable":true,"href":"https:\/\/www.radiopresidenteibanez.cl\/web\/wp-json\/wp\/v2\/comments?post=58423"}],"version-history":[{"count":0,"href":"https:\/\/www.radiopresidenteibanez.cl\/web\/wp-json\/wp\/v2\/posts\/58423\/revisions"}],"wp:featuredmedia":[{"embeddable":true,"href":"https:\/\/www.radiopresidenteibanez.cl\/web\/wp-json\/wp\/v2\/media\/58424"}],"wp:attachment":[{"href":"https:\/\/www.radiopresidenteibanez.cl\/web\/wp-json\/wp\/v2\/media?parent=58423"}],"wp:term":[{"taxonomy":"category","embeddable":true,"href":"https:\/\/www.radiopresidenteibanez.cl\/web\/wp-json\/wp\/v2\/categories?post=58423"},{"taxonomy":"post_tag","embeddable":true,"href":"https:\/\/www.radiopresidenteibanez.cl\/web\/wp-json\/wp\/v2\/tags?post=58423"}],"curies":[{"name":"wp","href":"https:\/\/api.w.org\/{rel}","templated":true}]}}