{"id":58415,"date":"2025-08-22T08:59:00","date_gmt":"2025-08-22T11:59:00","guid":{"rendered":"https:\/\/www.radiopresidenteibanez.cl\/web\/?p=58415"},"modified":"2025-08-22T08:43:29","modified_gmt":"2025-08-22T11:43:29","slug":"boletin-informativo-orbe-62","status":"publish","type":"post","link":"https:\/\/www.radiopresidenteibanez.cl\/web\/boletin-informativo-orbe-62\/","title":{"rendered":"BOLETIN INFORMATIVO ORBE"},"content":{"rendered":"\n<p>BUENOS AIRES ( ARGENTINA).- La Justicia argentina dispuso la<br>liberaci\u00f3n de 104 seguidores de Universidad de Chile que<br>permanec\u00edan detenidos tras los incidentes registrados en el<br>estadio de Independiente durante su partido de vuelta por<br>octavos de final de Copa Sudamericana. La Unidad Funcional de<br>Instrucci\u00f3n y Juicio N\u00ba4 de Avellaneda emiti\u00f3 un oficio<br>ordenando la puesta en libertad de los chilenos.<\/p>\n\n\n\n<p>BUENOS AIRES ( ARGENTINA).- El proceso para poner fin a la<br>retenci\u00f3n de los connacionales, que no hab\u00edan pasado por una<br>formalizaci\u00f3n, se agiliz\u00f3 gracias a las diligencias llevadas<br>a cabo por el club y autoridades chilenas a lo largo de la<br>jornada de este jueves. Se detall\u00f3 que las personas que<br>estaban privadas de libertad est\u00e1n en un rango entre los 18 y<br>56 a\u00f1os, y que sus antecedentes ser\u00e1n \u00abprevia verificaci\u00f3n de<br>impedimento legal alguno\u00bb para hacer efectiva la<br>determinaci\u00f3n judicial.<\/p>\n\n\n\n<p>BUENOS AIRES ( ARGENTINA).-Jos\u00e9 Ram\u00f3n Correa, abogado y<br>director de Azul Azul, se\u00f1al\u00f3 que \u00abde nuestros registros, es<br>el cien por ciento (de hinchas retenidos que ser\u00e1n<br>liberados)\u00bb. El dirigente tambi\u00e9n lanz\u00f3 duras cr\u00edticas a las<br>fuerzas argentinas: \u00abNo puedo estar m\u00e1s de acuerdo con el<br>concepto de &#8216;detenciones ileg\u00edtimas&#8217;. Las condiciones en que<br>estaban detenidos, en reg\u00edmenes democr\u00e1ticos, no son<br>tolerables\u00bb.<\/p>\n\n\n\n<p>BUENOS AIRES ( ARGENTINA).-Correa apunt\u00f3 al \u00abnivel de<br>hacinamiento, las condiciones en las que estaban, el que no<br>les dieran alimento. Hab\u00edan personas heridas y no se les<br>prest\u00f3 atenci\u00f3n m\u00e9dica, m\u00e1s all\u00e1 de los servicios de urgencia<br>en el momento\u00bb. Tras la disposici\u00f3n judicial, los chilenos<br>ser\u00e1n liberados en diversas comisar\u00edas de Buenos Aires, lugar<br>desde donde hab\u00edan sido trasladados con el correr de la<br>tarde, separados en numerosos grupos por cada cuartel.<\/p>\n\n\n\n<p>SANTIAGO.- El Presidente Gabriel Boric encabez\u00f3 un nuevo<br>cambio de gabinete ministerial.En lugar del renunciado<br>ministro de Agricultura, Esteban Valenzuela, FRVS, asumi\u00f3<br>como ministra de Agricultura la ex subsecretaria de la<br>cartera, Mar\u00eda Ignacia Fern\u00e1ndez Gatica, quien tomar\u00e1 el<br>cargo a partir de este jueves.<\/p>\n\n\n\n<p>SANTIAGO.- Fern\u00e1ndez hab\u00eda renunciado en mayo de este a\u00f1o a<br>la subsecretar\u00eda, para sumarse al comando de la precandidata<br>del oficialismo, Carolina Toh\u00e1. En tanto, la renuncia al<br>gabinete del ministro de Hacienda, Mario Marcel, aludiendo<br>\u00abmotivos personales\u00bb, fue aceptada por el Mandatario en el<br>Sal\u00f3n Montt Varas. En su lugar, asumi\u00f3 el hasta ahora<br>ministro de Econom\u00eda, Nicol\u00e1s Grau. A ra\u00edz de la renuncia de<br>Grau, asumi\u00f3 en el Ministerio de Econom\u00eda, el economista<br>\u00c1lvaro Garc\u00eda Hurtado.<\/p>\n\n\n\n<p>SANTIAGO.- Un discurso lleno de alabanzas y agradecimiento<br>dedic\u00f3 el Presidente, Gabriel Boric, en su adi\u00f3s a Mario<br>Marcel, quien renunci\u00f3 al Ministerio de Hacienda. En el sal\u00f3n<br>Montt Varas del Palacio de La Moneda, y tras el cambio de<br>gabinete que signific\u00f3 profundos ajustes en el equipo<br>econ\u00f3mico del Gobierno, el Mandatario destac\u00f3 la<br>\u00abgenerosidad\u00bb que tuvo Marcel al aceptar liderar Hacienda y<br>renunciar, en 2022, a su cargo como presidente del Banco<br>Central.<\/p>\n\n\n\n<p>SANTIAGO.- Boric a\u00f1adi\u00f3 \u00abagradecer a Marcel el rigor, la<br>tenacidad, la seriedad y la generosidad con la que desempe\u00f1\u00f3<br>el cargo que deja con motivos personales. Para m\u00ed esto no es<br>una sorpresa y respeto profundamente su decisi\u00f3n\u00bb. \u00abHa sido<br>un honor para m\u00ed el tenerte a la cabeza de esta cartera\u00bb.<br>Tambi\u00e9n destac\u00f3 las gestiones de Marcel para concretar una<br>reforma de pensiones tras 10 a\u00f1os de debate. \u00abFuimos<br>persistentes y tu liderazgo fue fundamental para sacarla<br>adelante\u00bb, subray\u00f3.<\/p>\n","protected":false},"excerpt":{"rendered":"<p>BUENOS AIRES ( ARGENTINA).- La Justicia argentina dispuso laliberaci\u00f3n de 104 seguidores de Universidad de Chile quepermanec\u00edan detenidos tras los incidentes registrados en elestadio de Independiente durante su partido de&#8230; <a class=\"read-more\" href=\"https:\/\/www.radiopresidenteibanez.cl\/web\/boletin-informativo-orbe-62\/\">Leer m\u00e1s<\/a><\/p>\n","protected":false},"author":2,"featured_media":58416,"comment_status":"closed","ping_status":"closed","sticky":false,"template":"","format":"standard","meta":{"footnotes":""},"categories":[1],"tags":[],"class_list":["post-58415","post","type-post","status-publish","format-standard","has-post-thumbnail","hentry","category-cronica"],"_links":{"self":[{"href":"https:\/\/www.radiopresidenteibanez.cl\/web\/wp-json\/wp\/v2\/posts\/58415","targetHints":{"allow":["GET"]}}],"collection":[{"href":"https:\/\/www.radiopresidenteibanez.cl\/web\/wp-json\/wp\/v2\/posts"}],"about":[{"href":"https:\/\/www.radiopresidenteibanez.cl\/web\/wp-json\/wp\/v2\/types\/post"}],"author":[{"embeddable":true,"href":"https:\/\/www.radiopresidenteibanez.cl\/web\/wp-json\/wp\/v2\/users\/2"}],"replies":[{"embeddable":true,"href":"https:\/\/www.radiopresidenteibanez.cl\/web\/wp-json\/wp\/v2\/comments?post=58415"}],"version-history":[{"count":0,"href":"https:\/\/www.radiopresidenteibanez.cl\/web\/wp-json\/wp\/v2\/posts\/58415\/revisions"}],"wp:featuredmedia":[{"embeddable":true,"href":"https:\/\/www.radiopresidenteibanez.cl\/web\/wp-json\/wp\/v2\/media\/58416"}],"wp:attachment":[{"href":"https:\/\/www.radiopresidenteibanez.cl\/web\/wp-json\/wp\/v2\/media?parent=58415"}],"wp:term":[{"taxonomy":"category","embeddable":true,"href":"https:\/\/www.radiopresidenteibanez.cl\/web\/wp-json\/wp\/v2\/categories?post=58415"},{"taxonomy":"post_tag","embeddable":true,"href":"https:\/\/www.radiopresidenteibanez.cl\/web\/wp-json\/wp\/v2\/tags?post=58415"}],"curies":[{"name":"wp","href":"https:\/\/api.w.org\/{rel}","templated":true}]}}