{"id":58412,"date":"2025-08-22T08:35:14","date_gmt":"2025-08-22T11:35:14","guid":{"rendered":"https:\/\/www.radiopresidenteibanez.cl\/web\/?p=58412"},"modified":"2025-08-22T08:35:40","modified_gmt":"2025-08-22T11:35:40","slug":"minvu-reitera-requisitos-para-acceder-a-programa-para-obtencion-de-viviendas-sin-deuda","status":"publish","type":"post","link":"https:\/\/www.radiopresidenteibanez.cl\/web\/minvu-reitera-requisitos-para-acceder-a-programa-para-obtencion-de-viviendas-sin-deuda\/","title":{"rendered":"Minvu reitera requisitos para acceder a programa para obtencion de viviendas sin deuda"},"content":{"rendered":"\n<p>\u201cEs innegable el avance en materia habitacional que hemos tenido en Puerto Natales desde el inicio de este Gobierno, donde hemos gestionado 12 proyectos habitacionales, llegando a 1049 familias natalinas a trav\u00e9s del Plan de Emergencia Habitacional. De estas, se han entregado 583 viviendas y en ejecuci\u00f3n quedar\u00e1n 466, lo que se traduce en una inversi\u00f3n que supera los 85 mil millones de pesos en esta administraci\u00f3n\u201d, enfatiz\u00f3 el Seremi Minvu Marco Uribe Saldivia.<br>Las declaraciones fueron realizadas tras la manifestaci\u00f3n de un grupo de personas que se pleg\u00f3 en las afueras del Departamento Provincial del Serviu donde estaba agendada una audiencia con la directiva de una agrupaci\u00f3n de vivienda, cuyo presidente convoc\u00f3 sin previo aviso ni acuerdo, a integrantes de otros grupos a sumarse al encuentro, lo que no permiti\u00f3 contar con condiciones de espacio. A esto se sum\u00f3 la participaci\u00f3n de dos candidatos a Diputado.<br>\u201cEsta tarde ten\u00edamos agendada una audiencia con una agrupaci\u00f3n, la que lamentablemente no se pudo concretar, aun cuando ofrecimos ingresar en grupos sucesivos o dialogar con representantes de las directivas y existir plena voluntad de dar respuesta a los requerimientos de informaci\u00f3n, hubo negativa de las personas a tomar estas alternativas\u201d, indic\u00f3 el Director Regional (S) del Serviu, Omar Gonz\u00e1lez Asenjo.<\/p>\n\n\n\n<p>Requisitos para la obtenci\u00f3n de viviendas sin deuda<br>En la actualidad el valor de las viviendas sin deuda otorgadas a trav\u00e9s del Programa Fondo Solidario de Elecci\u00f3n de Vivienda en la comuna de Natales asciende aproximadamente a 100 millones de pesos, de los cu\u00e1les el subsidio del Minvu representa aproximadamente un 70%, el aporte complementario del Gobierno Regional alcanza un 29% y el ahorro de las familias el 1%.<br>En tanto la organizaci\u00f3n de la demanda, seg\u00fan los requisitos de focalizaci\u00f3n que establece la normativa del Minvu, el desarrollo del proyecto y su postulaci\u00f3n, es realizado por Entidades Patrocinantes con convenio vigente en la regi\u00f3n.<br>\u201cEl 2021 una auditor\u00eda del Minvu detect\u00f3 que no se estaba dando cumplimiento al Programa D.S.N\u00b049.<br>En concreto se determin\u00f3 que hab\u00eda grupos mayormente conformados por postulantes unipersonales que no presentaban d\u00e9ficit habitacional y adem\u00e1s, que se le estaba entregando viviendas de tres dormitorios a personas solas, esto en desmedro de familias vulnerables con d\u00e9ficit habitacional que son objeto de este programa, cuesti\u00f3n que deb\u00eda subsanarse seg\u00fan dicha auditor\u00eda\u201d, inform\u00f3 el Director Regional (S) del Serviu, Omar Gonz\u00e1lez Asenjo.<br>A su vez, a trav\u00e9s de las revisiones se han identificado casos de personas que abusan alterando su<br>situaci\u00f3n real, por ejemplo, parejas que se reparten los hijos para postular separadamente y as\u00ed<br>acceder a dos viviendas o personas que eliminan de su Registro Social de Hogares a sus parejas para presentar una mayor vulnerabilidad que la real o para evitar que se identifique que uno de ellos es due\u00f1o de una vivienda.<br>\u201cLo que hemos exigido desde el inicio de este Gobierno, es cumplir los requisitos del Programa Fondo Solidario que otorga subsidios para viviendas sin deuda a familias en condici\u00f3n de vulnerabilidad. Esta es la \u00fanica forma de cautelar que los recursos del Estado lleguen a las familias con urgencia habitacional y evitar abusos. En un a\u00f1o electoral llamamos a no hacer uso pol\u00edtico de esta necesidad que enfrentan las familias, como ocurri\u00f3 esta tarde con dos candidatos a Diputado\u201d puntualiz\u00f3 el Seremi Uribe.<br>Lo ocurrido ser\u00e1 oficiado al Servicio Electoral para que determine si existen faltas por parte de los<br>candidatos a Diputado que se presentaron en el encuentro sin ser parte de la agrupaci\u00f3n que se hab\u00eda citado a la reuni\u00f3n formalmente.<\/p>\n\n\n\n<p><\/p>\n","protected":false},"excerpt":{"rendered":"<p>\u201cEs innegable el avance en materia habitacional que hemos tenido en Puerto Natales desde el inicio de este Gobierno, donde hemos gestionado 12 proyectos habitacionales, llegando a 1049 familias natalinas&#8230; <a class=\"read-more\" href=\"https:\/\/www.radiopresidenteibanez.cl\/web\/minvu-reitera-requisitos-para-acceder-a-programa-para-obtencion-de-viviendas-sin-deuda\/\">Leer m\u00e1s<\/a><\/p>\n","protected":false},"author":2,"featured_media":58413,"comment_status":"closed","ping_status":"closed","sticky":false,"template":"","format":"standard","meta":{"footnotes":""},"categories":[1],"tags":[],"class_list":["post-58412","post","type-post","status-publish","format-standard","has-post-thumbnail","hentry","category-cronica"],"_links":{"self":[{"href":"https:\/\/www.radiopresidenteibanez.cl\/web\/wp-json\/wp\/v2\/posts\/58412","targetHints":{"allow":["GET"]}}],"collection":[{"href":"https:\/\/www.radiopresidenteibanez.cl\/web\/wp-json\/wp\/v2\/posts"}],"about":[{"href":"https:\/\/www.radiopresidenteibanez.cl\/web\/wp-json\/wp\/v2\/types\/post"}],"author":[{"embeddable":true,"href":"https:\/\/www.radiopresidenteibanez.cl\/web\/wp-json\/wp\/v2\/users\/2"}],"replies":[{"embeddable":true,"href":"https:\/\/www.radiopresidenteibanez.cl\/web\/wp-json\/wp\/v2\/comments?post=58412"}],"version-history":[{"count":0,"href":"https:\/\/www.radiopresidenteibanez.cl\/web\/wp-json\/wp\/v2\/posts\/58412\/revisions"}],"wp:featuredmedia":[{"embeddable":true,"href":"https:\/\/www.radiopresidenteibanez.cl\/web\/wp-json\/wp\/v2\/media\/58413"}],"wp:attachment":[{"href":"https:\/\/www.radiopresidenteibanez.cl\/web\/wp-json\/wp\/v2\/media?parent=58412"}],"wp:term":[{"taxonomy":"category","embeddable":true,"href":"https:\/\/www.radiopresidenteibanez.cl\/web\/wp-json\/wp\/v2\/categories?post=58412"},{"taxonomy":"post_tag","embeddable":true,"href":"https:\/\/www.radiopresidenteibanez.cl\/web\/wp-json\/wp\/v2\/tags?post=58412"}],"curies":[{"name":"wp","href":"https:\/\/api.w.org\/{rel}","templated":true}]}}