{"id":58409,"date":"2025-08-21T18:56:00","date_gmt":"2025-08-21T21:56:00","guid":{"rendered":"https:\/\/www.radiopresidenteibanez.cl\/web\/?p=58409"},"modified":"2025-08-21T11:26:12","modified_gmt":"2025-08-21T14:26:12","slug":"cadi-umag-se-consolida-en-la-kinesiologia-regional-con-mas-de-26-mil-atenciones-y-formacion-de-72-nuevos-profesionales","status":"publish","type":"post","link":"https:\/\/www.radiopresidenteibanez.cl\/web\/cadi-umag-se-consolida-en-la-kinesiologia-regional-con-mas-de-26-mil-atenciones-y-formacion-de-72-nuevos-profesionales\/","title":{"rendered":"CADI UMAG se consolida en la kinesiolog\u00eda regional con m\u00e1s de 26 mil atenciones y formaci\u00f3n de 72 nuevos profesionales"},"content":{"rendered":"\n<p>La Universidad de Magallanes (UMAG) a trav\u00e9s de su Centro Asistencial Docente e Investigaci\u00f3n (CADI) ha alcanzado un importante hito en la atenci\u00f3n de la salud regional, registrando un total de 26.069 atenciones de kinesiolog\u00eda desde el a\u00f1o 2021 hasta julio de 2025. Durante este per\u00edodo 1.869 pacientes se han beneficiado de los servicios de la Unidad de Kinesiolog\u00eda del CADI.<\/p>\n\n\n\n<p>El trabajo del CADI UMAG no s\u00f3lo se enfoca en la atenci\u00f3n cl\u00ednica, sino tambi\u00e9n en la formaci\u00f3n de futuros profesionales. Un total de 72 estudiantes de la carrera de Kinesiolog\u00eda de la UMAG han realizado su pr\u00e1ctica profesional o se han titulado despu\u00e9s de pasar por el centro.<\/p>\n\n\n\n<p>El coordinador de la Unidad de Kinesiolog\u00eda del CADI UMAG, H\u00e9ctor Felipe Retamal Matus, destac\u00f3 la relevancia de los programas ofrecidos en el centro, se\u00f1alando \u201cla Carrera de Kinesiolog\u00eda de la UMAG ha desarrollado una serie de programas y talleres para atender diversas necesidades de la poblaci\u00f3n, desde la kinesiolog\u00eda en el envejecimiento hasta la atenci\u00f3n de ni\u00f1os con Trastorno del Espectro Autista,\u201d afirm\u00f3.<\/p>\n\n\n\n<p>A eso, agreg\u00f3 que \u201cnuestro objetivo es mantener y mejorar la funcionalidad y autonom\u00eda, previniendo enfermedades y fomentando el movimiento en todas las etapas de la vida. Como un centro de pr\u00e1ctica de la carrera de Kinesiolog\u00eda para actividades intermedias de prepr\u00e1ctica y pr\u00e1ctica profesional en el recinto y puedan entregar de la mejor manera todos los conocimientos adquiridos\u201d.<\/p>\n\n\n\n<p>Los programas de kinesiolog\u00eda disponibles en el CADI UMAG son variados y se adaptan a distintas necesidades:<\/p>\n\n\n\n<ul class=\"wp-block-list\">\n<li><strong>Kinesiolog\u00eda en el envejecimiento:<\/strong>\u00a0Enfocado en la funcionalidad y autonom\u00eda, con \u00e9nfasis en la prevenci\u00f3n de ca\u00eddas.<\/li>\n\n\n\n<li><strong>Kinesiolog\u00eda para enfermedades cr\u00f3nicas no transmisibles:<\/strong>\u00a0Atenci\u00f3n especializada para personas con diabetes, hipertensi\u00f3n, sobrepeso y obesidad.<\/li>\n\n\n\n<li><strong>Kinesiolog\u00eda cardiovascular y respiratoria:<\/strong>\u00a0Incluye rehabilitaci\u00f3n pulmonar, recuperaci\u00f3n post-COVID, y seguimiento de pacientes con enfermedades card\u00edacas o respiratorias.<\/li>\n\n\n\n<li><strong>Kinesiolog\u00eda neurol\u00f3gica en adultos:<\/strong>\u00a0Intervenciones para personas con secuelas de ACV, Parkinson o da\u00f1o medular.<\/li>\n\n\n\n<li><strong>Kinesiolog\u00eda neurocognitiva:<\/strong>\u00a0Dirigida a personas mayores con deterioro cognitivo leve, trabajando la memoria, atenci\u00f3n y funcionalidad en actividades diarias.<\/li>\n\n\n\n<li><strong>Kinesiolog\u00eda infantil &#8211; TEA:<\/strong>\u00a0Intervenci\u00f3n sensoriomotriz\u00a0y psicomotriz para\u00a0ni\u00f1os\u00a0y ni\u00f1as\u00a0con Trastorno del Espectro Autista.<\/li>\n\n\n\n<li><strong>Kinesiolog\u00eda infantil &#8211; Ortopedia:<\/strong>\u00a0Atenci\u00f3n especializada en alteraciones musculoesquel\u00e9ticas como pie plano, displasia o escoliosis.<\/li>\n\n\n\n<li><strong>Kinesiolog\u00eda musculoesquel\u00e9tica:<\/strong>\u00a0Para personas con lesiones articulares, musculares o postquir\u00fargicas.<\/li>\n\n\n\n<li><strong>Valoraci\u00f3n del Estado de Fragilidad:<\/strong>\u00a0Evaluaci\u00f3n integral para personas mayores.<\/li>\n<\/ul>\n\n\n\n<p>Todos estos programas son de modalidad asistencial docente, lo que significa que son supervisados por profesionales\/ docentes de la Carrera de Kinesiolog\u00eda y atendidos por estudiantes en pr\u00e1ctica. Las atenciones son gratuitas y para solicitar una cita, los interesados deben presentar una interconsulta. La interconsulta se puede entregar en el mes\u00f3n de recepci\u00f3n del CADI UMAG en los horarios de 08:30 a 12:30 horas y de 14:30 a 17:00 horas. Tambi\u00e9n es posible agendar por tel\u00e9fono, al WhatsApp (+56 612 201400) o por correo electr\u00f3nico a&nbsp;<a href=\"mailto:contactocadi@umag.cl\" target=\"_blank\" rel=\"noreferrer noopener\">contactocadi@umag.cl<\/a>.<\/p>\n","protected":false},"excerpt":{"rendered":"<p>La Universidad de Magallanes (UMAG) a trav\u00e9s de su Centro Asistencial Docente e Investigaci\u00f3n (CADI) ha alcanzado un importante hito en la atenci\u00f3n de la salud regional, registrando un total&#8230; <a class=\"read-more\" href=\"https:\/\/www.radiopresidenteibanez.cl\/web\/cadi-umag-se-consolida-en-la-kinesiologia-regional-con-mas-de-26-mil-atenciones-y-formacion-de-72-nuevos-profesionales\/\">Leer m\u00e1s<\/a><\/p>\n","protected":false},"author":2,"featured_media":58410,"comment_status":"closed","ping_status":"closed","sticky":false,"template":"","format":"standard","meta":{"footnotes":""},"categories":[1],"tags":[],"class_list":["post-58409","post","type-post","status-publish","format-standard","has-post-thumbnail","hentry","category-cronica"],"_links":{"self":[{"href":"https:\/\/www.radiopresidenteibanez.cl\/web\/wp-json\/wp\/v2\/posts\/58409","targetHints":{"allow":["GET"]}}],"collection":[{"href":"https:\/\/www.radiopresidenteibanez.cl\/web\/wp-json\/wp\/v2\/posts"}],"about":[{"href":"https:\/\/www.radiopresidenteibanez.cl\/web\/wp-json\/wp\/v2\/types\/post"}],"author":[{"embeddable":true,"href":"https:\/\/www.radiopresidenteibanez.cl\/web\/wp-json\/wp\/v2\/users\/2"}],"replies":[{"embeddable":true,"href":"https:\/\/www.radiopresidenteibanez.cl\/web\/wp-json\/wp\/v2\/comments?post=58409"}],"version-history":[{"count":0,"href":"https:\/\/www.radiopresidenteibanez.cl\/web\/wp-json\/wp\/v2\/posts\/58409\/revisions"}],"wp:featuredmedia":[{"embeddable":true,"href":"https:\/\/www.radiopresidenteibanez.cl\/web\/wp-json\/wp\/v2\/media\/58410"}],"wp:attachment":[{"href":"https:\/\/www.radiopresidenteibanez.cl\/web\/wp-json\/wp\/v2\/media?parent=58409"}],"wp:term":[{"taxonomy":"category","embeddable":true,"href":"https:\/\/www.radiopresidenteibanez.cl\/web\/wp-json\/wp\/v2\/categories?post=58409"},{"taxonomy":"post_tag","embeddable":true,"href":"https:\/\/www.radiopresidenteibanez.cl\/web\/wp-json\/wp\/v2\/tags?post=58409"}],"curies":[{"name":"wp","href":"https:\/\/api.w.org\/{rel}","templated":true}]}}