{"id":58406,"date":"2025-08-21T17:13:00","date_gmt":"2025-08-21T20:13:00","guid":{"rendered":"https:\/\/www.radiopresidenteibanez.cl\/web\/?p=58406"},"modified":"2025-08-21T11:03:57","modified_gmt":"2025-08-21T14:03:57","slug":"mas-de-700-empleos-ofrecio-la-feria-laboral-hayvacantes-2025-organizada-por-sence-en-punta-arenas","status":"publish","type":"post","link":"https:\/\/www.radiopresidenteibanez.cl\/web\/mas-de-700-empleos-ofrecio-la-feria-laboral-hayvacantes-2025-organizada-por-sence-en-punta-arenas\/","title":{"rendered":"M\u00e1s de 700 empleos ofreci\u00f3 la Feria Laboral #HayVacantes 2025 organizada por SENCE en Punta Arenas"},"content":{"rendered":"\n<p>Con gran \u00e9xito se desarroll\u00f3 en la sede INACAP de Punta Arenas la Feria Laboral #HayVacantes 2025, organizada por el Servicio Nacional de Capacitaci\u00f3n y Empleo (Sence) en Magallanes, instancia que reuni\u00f3 a 24 empresas que ofrecieron en conjunto m\u00e1s de 700 vacantes laborales en diversos rubros productivos.<\/p>\n\n\n\n<p>La actividad se llev\u00f3 a cabo el mi\u00e9rcoles 20 de agosto entre las 9:00 y 18:00 horas, congregando a cientos de personas interesadas en acceder a empleos y orientaci\u00f3n laboral. La feria destac\u00f3 por la amplia gama de sectores productivos presentes, incluyendo educaci\u00f3n, servicios financieros, comercio, hoteler\u00eda y turismo, transporte y log\u00edstica, alimentaci\u00f3n, seguridad, energ\u00eda, construcci\u00f3n e instituciones p\u00fablicas, lo que refleja la diversidad y dinamismo del mercado laboral regional.<\/p>\n\n\n\n<p>La directora regional de Sence, Doris Sandoval Miranda, destac\u00f3 la importancia de la convocatoria: <em>\u201c<\/em>Me parece relevante se\u00f1alar que en una regi\u00f3n que crece, que ha despegado, que ha ido achicando brechas de g\u00e9nero, nosotros tambi\u00e9n a trav\u00e9s de esta feria podemos seguir aportando al crecimiento que tiene Magallanes. Magallanes crece, Magallanes se fortalece con la ferias laborales que conectan el talento magall\u00e1nico con la oferta laboral\u201d.<\/p>\n\n\n\n<p>&nbsp;Por su parte, la seremi del Trabajo y Previsi\u00f3n Social, Jessica Bengoa Mayorga, subray\u00f3 el compromiso del Gobierno con la empleabilidad en la regi\u00f3n: \u201cEstamos contentos, ha sido un \u00e9xito esta feria laboral, ac\u00e1 hay un esfuerzo p\u00fablico, pero tambi\u00e9n un esfuerzo p\u00fablico-privado, donde entendemos que nuestra labor como Ministerio del Trabajo y en especifico el Sence es acercar a los trabajadores tambi\u00e9n a sus puestos de trabajo\u201d, se\u00f1al\u00f3.<\/p>\n\n\n\n<p>Asimismo, el Delegado Presidencial de Magallanes, Jos\u00e9 Ruiz Pivcevic, valor\u00f3 el rol de todos los actores involucrados: \u201cquiero felicitar enormemente al equipo de sence y de la seremia del trabajo por esta impecable organizaci\u00f3n, a las empresas que est\u00e1n ac\u00e1 presentes que ayudan a facilitar mucho y han cubierto las brechas del desempeo en nuestra regi\u00f3n, si hablamos que la cifra esta como en el 6,3 % un poco mas de 6 mil personas desempleadas en la regi\u00f3n con lo que cubrimos ac\u00e1 con esta feria el impacto es muy muy grande\u201d<\/p>\n\n\n\n<p>La feria tambi\u00e9n incorpor\u00f3 la experiencia interactiva \u201cArma tu Ruta\u201d, que ayud\u00f3 a los asistentes a organizar su recorrido seg\u00fan su perfil laboral, optimizando el tiempo y las postulaciones. Asimismo, los Talleres de Apresto Laboral permitieron a los participantes fortalecer sus competencias en elaboraci\u00f3n de curr\u00edculum, entrevistas y b\u00fasqueda activa de empleo.<\/p>\n\n\n\n<p>Con esta exitosa jornada en Punta Arenas, Sence Magallanes reafirma su compromiso con la generaci\u00f3n de oportunidades y el fortalecimiento del mercado laboral en la Regi\u00f3n de Magallanes y la Ant\u00e1rtica Chilena.<\/p>\n","protected":false},"excerpt":{"rendered":"<p>Con gran \u00e9xito se desarroll\u00f3 en la sede INACAP de Punta Arenas la Feria Laboral #HayVacantes 2025, organizada por el Servicio Nacional de Capacitaci\u00f3n y Empleo (Sence) en Magallanes, instancia&#8230; <a class=\"read-more\" href=\"https:\/\/www.radiopresidenteibanez.cl\/web\/mas-de-700-empleos-ofrecio-la-feria-laboral-hayvacantes-2025-organizada-por-sence-en-punta-arenas\/\">Leer m\u00e1s<\/a><\/p>\n","protected":false},"author":2,"featured_media":58407,"comment_status":"closed","ping_status":"closed","sticky":false,"template":"","format":"standard","meta":{"footnotes":""},"categories":[1],"tags":[],"class_list":["post-58406","post","type-post","status-publish","format-standard","has-post-thumbnail","hentry","category-cronica"],"_links":{"self":[{"href":"https:\/\/www.radiopresidenteibanez.cl\/web\/wp-json\/wp\/v2\/posts\/58406","targetHints":{"allow":["GET"]}}],"collection":[{"href":"https:\/\/www.radiopresidenteibanez.cl\/web\/wp-json\/wp\/v2\/posts"}],"about":[{"href":"https:\/\/www.radiopresidenteibanez.cl\/web\/wp-json\/wp\/v2\/types\/post"}],"author":[{"embeddable":true,"href":"https:\/\/www.radiopresidenteibanez.cl\/web\/wp-json\/wp\/v2\/users\/2"}],"replies":[{"embeddable":true,"href":"https:\/\/www.radiopresidenteibanez.cl\/web\/wp-json\/wp\/v2\/comments?post=58406"}],"version-history":[{"count":0,"href":"https:\/\/www.radiopresidenteibanez.cl\/web\/wp-json\/wp\/v2\/posts\/58406\/revisions"}],"wp:featuredmedia":[{"embeddable":true,"href":"https:\/\/www.radiopresidenteibanez.cl\/web\/wp-json\/wp\/v2\/media\/58407"}],"wp:attachment":[{"href":"https:\/\/www.radiopresidenteibanez.cl\/web\/wp-json\/wp\/v2\/media?parent=58406"}],"wp:term":[{"taxonomy":"category","embeddable":true,"href":"https:\/\/www.radiopresidenteibanez.cl\/web\/wp-json\/wp\/v2\/categories?post=58406"},{"taxonomy":"post_tag","embeddable":true,"href":"https:\/\/www.radiopresidenteibanez.cl\/web\/wp-json\/wp\/v2\/tags?post=58406"}],"curies":[{"name":"wp","href":"https:\/\/api.w.org\/{rel}","templated":true}]}}