{"id":58403,"date":"2025-08-21T15:53:00","date_gmt":"2025-08-21T18:53:00","guid":{"rendered":"https:\/\/www.radiopresidenteibanez.cl\/web\/?p=58403"},"modified":"2025-08-21T10:56:32","modified_gmt":"2025-08-21T13:56:32","slug":"mesa-de-espacios-escolares-protegidos-sesiono-esta-semana-para-articular-acciones-estrategicas","status":"publish","type":"post","link":"https:\/\/www.radiopresidenteibanez.cl\/web\/mesa-de-espacios-escolares-protegidos-sesiono-esta-semana-para-articular-acciones-estrategicas\/","title":{"rendered":"Mesa de Espacios Escolares Protegidos sesion\u00f3 esta semana para articular acciones estrat\u00e9gicas"},"content":{"rendered":"\n<p>Este lunes 18 de agosto sesion\u00f3 la Mesa de Espacios Escolares Protegidos, que integran distintas autoridades e instituciones, a fin de promover la protecci\u00f3n y bienestar de ni\u00f1os, ni\u00f1as y adolescentes que forman parte de los establecimientos educacionales.<br>La actividad encabezada por el seremi de Educaci\u00f3n Valent\u00edn Aguilera G\u00f3mez, cont\u00f3 con la presencia de la seremi de Seguridad P\u00fablica, Carla Barrientos Hern\u00e1ndez, el capit\u00e1n de Carabineros, subcomisario de la Primera Comisar\u00eda de Punta Arenas, Michel Daza Romero, el director regional del Servicio Nacional de Reinserci\u00f3n Social Juvenil, C\u00e9sar Montiel Alvarado, la jefa del Departamento Provincial de Educaci\u00f3n, Carolina \u00c1lvarez Antonin, representantes de Secretar\u00edas<br>Regionales Ministeriales de Salud, Desarrollo Social y Familia, Fosis, Programa<br>Lazos, Servicio Local de Educaci\u00f3n P\u00fablica, Slep Magallanes, Supereduc y<br>Senda.<br>El seremi de Educaci\u00f3n, Valent\u00edn Aguilera G\u00f3mez, explic\u00f3 que \u201clos<br>establecimientos tienen herramientas para poder enfrentar las dificultades o<br>tensiones que puedan ocurrir y existe una pol\u00edtica nacional de Convivencia<br>Educativa que ha sido actualizada recientemente. Est\u00e1 el trabajo de los<br>encargados de convivencia, de las duplas psicosociales. En otros casos, est\u00e1 el<br>apoyo especializado como el que brinda el programa \u2018Habilidades para la Vida\u2019 o<br>\u2018A Convivir se aprende&#8217;. Sin embargo, hay situaciones que son de mayor<br>complejidad y que ocurren fuera de los establecimientos educacionales, donde se<br>necesita el apoyo del intersector, por eso existe la estrategia Comunidades<br>Educativas Protegidas\u201d.<br>En ese sentido, la articulaci\u00f3n intersectorial emerge como el recurso para<br>coordinar respuestas oportunas, junto con un eficaz acompa\u00f1amiento a las<br>comunidades educativas y la realizaci\u00f3n de planes de prevenci\u00f3n, asistencia y<br>apoyo a los ni\u00f1os, ni\u00f1as y adolescentes que se desenvuelven en los espacios<br>escolares, refiri\u00f3 la autoridad educativa.<br>La seremi de Seguridad P\u00fablica, Carla Barrientos, se\u00f1al\u00f3 en este contexto: \u201cel<br>trabajo que estamos realizando desde Seguridad P\u00fablica tiene que ver con<br>fortalecer la prevenci\u00f3n, pero tambi\u00e9n trabajar con los establecimientos<br>educacionales, aquellos factores de riesgo que se puedan identificar tanto al<br>interior como al exterior de las comunidades educativas\u201d.<\/p>\n\n\n\n<p>Sebasti\u00e1n Mu\u00f1oz Avenda\u00f1o, subdirector subrogante en la Subdirecci\u00f3n de Apoyo<br>T\u00e9cnico Pedag\u00f3gico del Slep Magallanes, indic\u00f3: \u201cBuscamos en el fondo<br>establecer medidas para mejorar la convivencia educativa de cada uno de los<br>establecimientos educacionales, en particular por materias que tengan que ver con<br>la violencia escolar y as\u00ed mantener una convivencia armoniosa en todos los<br>estamentos de nuestras comunidades educativas\u201d.<br>Por su parte, Maira G\u00f3mez Grez, supervisora de terapia multisist\u00e9mica en el<br>Programa Lazos, valor\u00f3 como una instancia muy importante la existencia de la<br>mesa: \u201cestamos logrando concretar, desde diferentes miradas, el apoyo que<br>necesitamos realizar para los establecimientos educativos que est\u00e1n teniendo<br>situaciones complejas de violencia y promover espacios seguros\u201d, en tanto<br>mencion\u00f3 que esto permite elaborar protocolos y procesos de acci\u00f3n<br>especializados, para poder englobar y atajar esta situaci\u00f3n de manera completa.<br>En suma, se trata de una materia que involucra acciones concretas de toda la<br>comunidad y que desde las instituciones estatales es abordada de manera<br>intersectorial, por medio de la mesa Espacios escolares protegidos.<\/p>\n","protected":false},"excerpt":{"rendered":"<p>Este lunes 18 de agosto sesion\u00f3 la Mesa de Espacios Escolares Protegidos, que integran distintas autoridades e instituciones, a fin de promover la protecci\u00f3n y bienestar de ni\u00f1os, ni\u00f1as y&#8230; <a class=\"read-more\" href=\"https:\/\/www.radiopresidenteibanez.cl\/web\/mesa-de-espacios-escolares-protegidos-sesiono-esta-semana-para-articular-acciones-estrategicas\/\">Leer m\u00e1s<\/a><\/p>\n","protected":false},"author":2,"featured_media":58404,"comment_status":"closed","ping_status":"closed","sticky":false,"template":"","format":"standard","meta":{"footnotes":""},"categories":[1],"tags":[],"class_list":["post-58403","post","type-post","status-publish","format-standard","has-post-thumbnail","hentry","category-cronica"],"_links":{"self":[{"href":"https:\/\/www.radiopresidenteibanez.cl\/web\/wp-json\/wp\/v2\/posts\/58403","targetHints":{"allow":["GET"]}}],"collection":[{"href":"https:\/\/www.radiopresidenteibanez.cl\/web\/wp-json\/wp\/v2\/posts"}],"about":[{"href":"https:\/\/www.radiopresidenteibanez.cl\/web\/wp-json\/wp\/v2\/types\/post"}],"author":[{"embeddable":true,"href":"https:\/\/www.radiopresidenteibanez.cl\/web\/wp-json\/wp\/v2\/users\/2"}],"replies":[{"embeddable":true,"href":"https:\/\/www.radiopresidenteibanez.cl\/web\/wp-json\/wp\/v2\/comments?post=58403"}],"version-history":[{"count":0,"href":"https:\/\/www.radiopresidenteibanez.cl\/web\/wp-json\/wp\/v2\/posts\/58403\/revisions"}],"wp:featuredmedia":[{"embeddable":true,"href":"https:\/\/www.radiopresidenteibanez.cl\/web\/wp-json\/wp\/v2\/media\/58404"}],"wp:attachment":[{"href":"https:\/\/www.radiopresidenteibanez.cl\/web\/wp-json\/wp\/v2\/media?parent=58403"}],"wp:term":[{"taxonomy":"category","embeddable":true,"href":"https:\/\/www.radiopresidenteibanez.cl\/web\/wp-json\/wp\/v2\/categories?post=58403"},{"taxonomy":"post_tag","embeddable":true,"href":"https:\/\/www.radiopresidenteibanez.cl\/web\/wp-json\/wp\/v2\/tags?post=58403"}],"curies":[{"name":"wp","href":"https:\/\/api.w.org\/{rel}","templated":true}]}}