{"id":58400,"date":"2025-08-21T14:23:00","date_gmt":"2025-08-21T17:23:00","guid":{"rendered":"https:\/\/www.radiopresidenteibanez.cl\/web\/?p=58400"},"modified":"2025-08-21T10:44:38","modified_gmt":"2025-08-21T13:44:38","slug":"delegacion-presidencial-de-tierra-del-fuego-conmemora-los-214-anos-del-ministerio-del-interior-y-rinde-homenaje-a-la-memoria-de-sergio-pinto-munoz","status":"publish","type":"post","link":"https:\/\/www.radiopresidenteibanez.cl\/web\/delegacion-presidencial-de-tierra-del-fuego-conmemora-los-214-anos-del-ministerio-del-interior-y-rinde-homenaje-a-la-memoria-de-sergio-pinto-munoz\/","title":{"rendered":"Delegaci\u00f3n Presidencial de Tierra del Fuego conmemora los 214 a\u00f1os del Ministerio del Interior y rinde homenaje a la memoria de Sergio Pinto Mu\u00f1oz"},"content":{"rendered":"\n<p>En el marco de la conmemoraci\u00f3n de los 214 a\u00f1os del Ministerio del Interior, la Delegaci\u00f3n Presidencial Provincial de Tierra del Fuego realiz\u00f3 un significativo encuentro para destacar la labor hist\u00f3rica de esta cartera en la vida institucional del pa\u00eds, de la provincia, y, en particular, para recordar a quien fuera uno de sus funcionarios m\u00e1s destacados: don Sergio Pinto Mu\u00f1oz.<br>Durante la ceremonia, se rindi\u00f3 un emotivo y tradicional homenaje a la memoria de don Sergio<br>Pinto Mu\u00f1oz, reconocido por su dedicaci\u00f3n, compromiso y vasta experiencia, cualidades que<br>dejaron una huella imborrable en sus colegas, compa\u00f1eros y compa\u00f1eras de trabajo. Su legado<br>perdura como ejemplo de vocaci\u00f3n de servicio p\u00fablico y entrega al bien com\u00fan.<br>\u201c\u00c9l trabaj\u00f3 durante muchos a\u00f1os como secretario de la Gobernaci\u00f3n y tambi\u00e9n en Oficina de<br>Partes\u2026 Cuando empec\u00e9 a trabajar, \u00e9l me ense\u00f1\u00f3 mucho, transmit\u00eda mucha tranquilidad para<br>ejercer, ten\u00eda un conocimiento de muchos a\u00f1os en la Gobernaci\u00f3n y lo compart\u00eda con nosotros.<br>Adem\u00e1s abri\u00f3 espacios recreativos entre colegas fuera del horario de trabajo, lo que nos convirti\u00f3<br>en amigos\u201d, se\u00f1al\u00f3 Jos\u00e9 Luis Barrientos, quien hoy se desempe\u00f1a como Encargado del<br>Departamento Social de la Delegaci\u00f3n Presidencial Provincial de Tierra del Fuego<br>El delegado presidencial provincial de Tierra del Fuego, Jos\u00e9 Campos Prieto expres\u00f3 su gratitud y<br>respeto hacia quienes, como don Sergio, han contribuido a fortalecer el Ministerio del Interior<br>desde sus territorios, aportando con profesionalismo y humanidad al desarrollo de una gesti\u00f3n<br>p\u00fablica cercana a las personas.<br>Este encuentro se realiza cada a\u00f1o despu\u00e9s del 2017 cuando fallece Sergio Pinto Mu\u00f1oz: sus<br>compa\u00f1eros de trabajo se re\u00fanen con su esposa Lizett Peralta en el cementerio para no olvidar su<br>trabajo y valor humano. \u201cAgradezco este gesto de acompa\u00f1arnos cada a\u00f1o y no dejar de<br>recordarlo\u201d, se\u00f1al\u00f3 Lizett.<br>Con este acto, la Delegaci\u00f3n reafirma su compromiso con los valores que han guiado al Ministerio<br>del Interior durante m\u00e1s de dos siglos, reconociendo el trabajo de hombres y mujeres que, d\u00eda a<br>d\u00eda, construyen un mejor pa\u00eds desde cada rinc\u00f3n del territorio nacional.<\/p>\n","protected":false},"excerpt":{"rendered":"<p>En el marco de la conmemoraci\u00f3n de los 214 a\u00f1os del Ministerio del Interior, la Delegaci\u00f3n Presidencial Provincial de Tierra del Fuego realiz\u00f3 un significativo encuentro para destacar la labor&#8230; <a class=\"read-more\" href=\"https:\/\/www.radiopresidenteibanez.cl\/web\/delegacion-presidencial-de-tierra-del-fuego-conmemora-los-214-anos-del-ministerio-del-interior-y-rinde-homenaje-a-la-memoria-de-sergio-pinto-munoz\/\">Leer m\u00e1s<\/a><\/p>\n","protected":false},"author":2,"featured_media":58401,"comment_status":"closed","ping_status":"closed","sticky":false,"template":"","format":"standard","meta":{"footnotes":""},"categories":[1],"tags":[],"class_list":["post-58400","post","type-post","status-publish","format-standard","has-post-thumbnail","hentry","category-cronica"],"_links":{"self":[{"href":"https:\/\/www.radiopresidenteibanez.cl\/web\/wp-json\/wp\/v2\/posts\/58400","targetHints":{"allow":["GET"]}}],"collection":[{"href":"https:\/\/www.radiopresidenteibanez.cl\/web\/wp-json\/wp\/v2\/posts"}],"about":[{"href":"https:\/\/www.radiopresidenteibanez.cl\/web\/wp-json\/wp\/v2\/types\/post"}],"author":[{"embeddable":true,"href":"https:\/\/www.radiopresidenteibanez.cl\/web\/wp-json\/wp\/v2\/users\/2"}],"replies":[{"embeddable":true,"href":"https:\/\/www.radiopresidenteibanez.cl\/web\/wp-json\/wp\/v2\/comments?post=58400"}],"version-history":[{"count":0,"href":"https:\/\/www.radiopresidenteibanez.cl\/web\/wp-json\/wp\/v2\/posts\/58400\/revisions"}],"wp:featuredmedia":[{"embeddable":true,"href":"https:\/\/www.radiopresidenteibanez.cl\/web\/wp-json\/wp\/v2\/media\/58401"}],"wp:attachment":[{"href":"https:\/\/www.radiopresidenteibanez.cl\/web\/wp-json\/wp\/v2\/media?parent=58400"}],"wp:term":[{"taxonomy":"category","embeddable":true,"href":"https:\/\/www.radiopresidenteibanez.cl\/web\/wp-json\/wp\/v2\/categories?post=58400"},{"taxonomy":"post_tag","embeddable":true,"href":"https:\/\/www.radiopresidenteibanez.cl\/web\/wp-json\/wp\/v2\/tags?post=58400"}],"curies":[{"name":"wp","href":"https:\/\/api.w.org\/{rel}","templated":true}]}}