{"id":584,"date":"2019-01-18T18:14:37","date_gmt":"2019-01-18T18:14:37","guid":{"rendered":"http:\/\/www.radiopresidenteibanez.cl\/web\/?p=584"},"modified":"2019-01-18T18:15:05","modified_gmt":"2019-01-18T18:15:05","slug":"maria-isabel-iduya-desiste-al-cargo-de-directora-de-salud-magallanes","status":"publish","type":"post","link":"https:\/\/www.radiopresidenteibanez.cl\/web\/maria-isabel-iduya-desiste-al-cargo-de-directora-de-salud-magallanes\/","title":{"rendered":"MAR\u00cdA ISABEL IDUYA, DESISTE AL CARGO DE DIRECTORA DE SALUD MAGALLANES"},"content":{"rendered":"\n<p><strong>La Direcci\u00f3n del Servicio de Salud Magallanes informa\nque:<\/strong><\/p>\n\n\n\n<ul class=\"wp-block-list\"><li>Se ha tomado\nconocimiento del desistimiento al cargo de Directora del Servicio de Salud\nMagallanes, por parte de la Dra. Mar\u00eda Isabel Iduya Landa, nombrada por S. E.\nel Presidente de la Rep\u00fablica a trav\u00e9s de un proceso liderado por el Servicio\nCivil.<\/li><\/ul>\n\n\n\n<ul class=\"wp-block-list\"><li>Que, el Servicio\nCivil junto a su S. E. el Presidente de la Rep\u00fablica, definir\u00e1n al nuevo Director\/a\nTitular dentro de los postulantes elegibles, por lo que no habr\u00e1 mayor retraso\nen los procesos de definici\u00f3n de directivos del Hospital Cl\u00ednico Magallanes y\nHospital Dr. Augusto Essmann Burgos de Puerto Natales.<\/li><\/ul>\n\n\n\n<ul class=\"wp-block-list\"><li>Dar a conocer\nque, reconocemos y valoramos p\u00fablicamente el gran trabajo liderado y desarrollado\npor la Dra. Mar\u00eda Isabel Iduya Landa, tanto como Directora (s) y Subdirectora\nM\u00e9dica de este Servicio de Salud, por ello le hemos solicitado dar continuidad\nal trabajo que ven\u00eda desarrollando en la gesti\u00f3n cl\u00ednica de la Red Asistencial\nde Magallanes, en el rol de Subdirectora M\u00e9dica del Servicio de Salud.<\/li><\/ul>\n\n\n\n<ul class=\"wp-block-list\"><li>Deseamos entregar\nla seguridad a todos nuestros usuarios\/as que, como Direcci\u00f3n del Servicio de\nSalud Magallanes y todos los establecimientos que integran nuestra Red\nAsistencial, continuaremos trabajando para avanzar en la disminuci\u00f3n de brechas\ny falencias detectadas y disminuci\u00f3n de listas y tiempos de espera de nuestros\nusuarios, a fin de, en conjunto trabajar por una mejor satisfacci\u00f3n usuaria y\nlaboral de salud en la regi\u00f3n.<\/li><\/ul>\n","protected":false},"excerpt":{"rendered":"<p>La Direcci\u00f3n del Servicio de Salud Magallanes informa que: Se ha tomado conocimiento del desistimiento al cargo de Directora del Servicio de Salud Magallanes, por parte de la Dra. Mar\u00eda&#8230; <a class=\"read-more\" href=\"https:\/\/www.radiopresidenteibanez.cl\/web\/maria-isabel-iduya-desiste-al-cargo-de-directora-de-salud-magallanes\/\">Leer m\u00e1s<\/a><\/p>\n","protected":false},"author":2,"featured_media":585,"comment_status":"closed","ping_status":"closed","sticky":false,"template":"","format":"standard","meta":{"footnotes":""},"categories":[1,5],"tags":[],"class_list":["post-584","post","type-post","status-publish","format-standard","has-post-thumbnail","hentry","category-cronica","category-politica"],"_links":{"self":[{"href":"https:\/\/www.radiopresidenteibanez.cl\/web\/wp-json\/wp\/v2\/posts\/584","targetHints":{"allow":["GET"]}}],"collection":[{"href":"https:\/\/www.radiopresidenteibanez.cl\/web\/wp-json\/wp\/v2\/posts"}],"about":[{"href":"https:\/\/www.radiopresidenteibanez.cl\/web\/wp-json\/wp\/v2\/types\/post"}],"author":[{"embeddable":true,"href":"https:\/\/www.radiopresidenteibanez.cl\/web\/wp-json\/wp\/v2\/users\/2"}],"replies":[{"embeddable":true,"href":"https:\/\/www.radiopresidenteibanez.cl\/web\/wp-json\/wp\/v2\/comments?post=584"}],"version-history":[{"count":0,"href":"https:\/\/www.radiopresidenteibanez.cl\/web\/wp-json\/wp\/v2\/posts\/584\/revisions"}],"wp:featuredmedia":[{"embeddable":true,"href":"https:\/\/www.radiopresidenteibanez.cl\/web\/wp-json\/wp\/v2\/media\/585"}],"wp:attachment":[{"href":"https:\/\/www.radiopresidenteibanez.cl\/web\/wp-json\/wp\/v2\/media?parent=584"}],"wp:term":[{"taxonomy":"category","embeddable":true,"href":"https:\/\/www.radiopresidenteibanez.cl\/web\/wp-json\/wp\/v2\/categories?post=584"},{"taxonomy":"post_tag","embeddable":true,"href":"https:\/\/www.radiopresidenteibanez.cl\/web\/wp-json\/wp\/v2\/tags?post=584"}],"curies":[{"name":"wp","href":"https:\/\/api.w.org\/{rel}","templated":true}]}}