{"id":58397,"date":"2025-08-21T12:36:00","date_gmt":"2025-08-21T15:36:00","guid":{"rendered":"https:\/\/www.radiopresidenteibanez.cl\/web\/?p=58397"},"modified":"2025-08-21T10:40:04","modified_gmt":"2025-08-21T13:40:04","slug":"concurso-ojo-de-pez-invita-a-escoger-tu-fotografia-favorita","status":"publish","type":"post","link":"https:\/\/www.radiopresidenteibanez.cl\/web\/concurso-ojo-de-pez-invita-a-escoger-tu-fotografia-favorita\/","title":{"rendered":"Concurso \u201cOjo de Pez\u201d invita a escoger tu fotograf\u00eda favorita"},"content":{"rendered":"\n<p>El concurso fotogr\u00e1fico&nbsp;Ojo de Pez&nbsp;continua su duod\u00e9cima versi\u00f3n y en esta ocasi\u00f3n hace<br>un llamado a la comunidad a participar de forma activa en el proceso de elegir a los<br>ganadores del Premio del P\u00fablico. La iniciativa organizada por el&nbsp;Centro de Investigaci\u00f3n<br>Din\u00e1mica de Ecosistemas Marinos de Altas Latitudes&nbsp;(IDEAL) y el&nbsp;Instituto de Ciencias<br>Marinas y Limnol\u00f3gicas&nbsp;(ICML) de&nbsp;la Universidad Austral de Chile&nbsp;(UACh) busca visibilizar e<br>invitar al p\u00fablico a&nbsp; reflexionar sobre la&nbsp; fragilidad de los ecosistemas acu\u00e1ticos en Chile y<br>el papel que juega el ser humano en su estado.<br>Con 200 fotograf\u00edas enviadas por 83 participantes de distintas regiones del pa\u00eds, el<br>concurso \u201cOjo de Pez\u201d contin\u00faa consolid\u00e1ndose como una plataforma para visibilizar los<br>ecosistemas marinos y de agua dulce del pa\u00eds. Un jurado experto seleccion\u00f3 32 im\u00e1genes<br>que integran la muestra y que competir\u00e1n por el premio del p\u00fablico a trav\u00e9s de la<br>votaci\u00f3n ciudadana.<br>Desde este 8 de agosto y hasta el 4 de septiembre, el p\u00fablico podr\u00e1 participar en la<br>votaci\u00f3n en l\u00ednea a trav\u00e9s del sitio web&nbsp;ojopez.cl. Las tres im\u00e1genes m\u00e1s votadas recibir\u00e1n<br>el premio del p\u00fablico, consistente en un ejemplar del libro \u201cOjo de Pez: Un viaje por los<br>ecosistemas acu\u00e1ticos de Chile\u201d, publicaci\u00f3n que re\u00fane los registros m\u00e1s destacados del<br>certamen en sus distintas versiones.<br>Seg\u00fan se\u00f1ala el Dr. Jos\u00e9 Garc\u00e9s-Vargas, ocean\u00f3grafo f\u00edsico, Coordinador del certamen,&nbsp;<br>investigador del Centro IDEAL y acad\u00e9mico del ICML, en esta versi\u00f3n n\u00famero 12 la<br>participaci\u00f3n del p\u00fablico a nivel nacional fue notable. \u201cEn comparaci\u00f3n con a\u00f1os<br>anteriores, en esta versi\u00f3n recibimos postulaciones de diversas regiones del pa\u00eds, con una<br>variedad en las propuestas de las&nbsp; de im\u00e1genes que demuestran el creciente inter\u00e9s por el<br>concurso y sus distintas categor\u00edas a nivel nacional\u201d.<br>Adem\u00e1s, el Dr. Garc\u00e9s, hizo un llamado al p\u00fablico a formar parte de las votaciones en la<br>p\u00e1gina web del concurso. \u201cM\u00e1s que una votaci\u00f3n, esta instancia invita a recorrer<br>visualmente la riqueza de nuestros ecosistemas, presentes&nbsp; a lo largo de todo el territorio<br>nacional\u201d.<\/p>\n\n\n\n<p>Museos &amp; Ciencia<br>La exposici\u00f3n del concurso \u201cOjo de Pez\u201d se inaugurar\u00e1 este 8 de agosto, al mediod\u00eda, en el<br>Museo de la Exploraci\u00f3n R.A. Philippi de la UACh. En ella se exhiben las 32 im\u00e1genes<br>finalistas, seleccionadas entre decenas de postulaciones que retratan la riqueza y<br>vulnerabilidad de ambientes acu\u00e1ticos presentes en r\u00edos, estuarios, lagos, humedales y<br>mares del pa\u00eds.<br>La muestra, de entrada gratuita, &nbsp;estar\u00e1 abierta al p\u00fablico hasta el 8 de septiembre de<br>martes a domingo, en horario de 10:00 a 13:00 y de 15:00 a 18:00 horas.<br>El concurso es posible gracias al patrocinio de la&nbsp;Facultad de Ciencias, el proyecto Ciencia<br>para la Innovaci\u00f3n 2030 \u2013 Consorcio Sur-Subant\u00e1rtico (Ci2030), el Proyecto Fondecyt<br>1241571, y el apoyo del&nbsp;Museo de la Exploraci\u00f3n R. A. Philippi,&nbsp;Ciencia<br>Inquieta&nbsp;y&nbsp;Fundaci\u00f3n Corallina.<\/p>\n","protected":false},"excerpt":{"rendered":"<p>El concurso fotogr\u00e1fico&nbsp;Ojo de Pez&nbsp;continua su duod\u00e9cima versi\u00f3n y en esta ocasi\u00f3n haceun llamado a la comunidad a participar de forma activa en el proceso de elegir a losganadores del&#8230; <a class=\"read-more\" href=\"https:\/\/www.radiopresidenteibanez.cl\/web\/concurso-ojo-de-pez-invita-a-escoger-tu-fotografia-favorita\/\">Leer m\u00e1s<\/a><\/p>\n","protected":false},"author":2,"featured_media":58398,"comment_status":"closed","ping_status":"closed","sticky":false,"template":"","format":"standard","meta":{"footnotes":""},"categories":[1],"tags":[],"class_list":["post-58397","post","type-post","status-publish","format-standard","has-post-thumbnail","hentry","category-cronica"],"_links":{"self":[{"href":"https:\/\/www.radiopresidenteibanez.cl\/web\/wp-json\/wp\/v2\/posts\/58397","targetHints":{"allow":["GET"]}}],"collection":[{"href":"https:\/\/www.radiopresidenteibanez.cl\/web\/wp-json\/wp\/v2\/posts"}],"about":[{"href":"https:\/\/www.radiopresidenteibanez.cl\/web\/wp-json\/wp\/v2\/types\/post"}],"author":[{"embeddable":true,"href":"https:\/\/www.radiopresidenteibanez.cl\/web\/wp-json\/wp\/v2\/users\/2"}],"replies":[{"embeddable":true,"href":"https:\/\/www.radiopresidenteibanez.cl\/web\/wp-json\/wp\/v2\/comments?post=58397"}],"version-history":[{"count":0,"href":"https:\/\/www.radiopresidenteibanez.cl\/web\/wp-json\/wp\/v2\/posts\/58397\/revisions"}],"wp:featuredmedia":[{"embeddable":true,"href":"https:\/\/www.radiopresidenteibanez.cl\/web\/wp-json\/wp\/v2\/media\/58398"}],"wp:attachment":[{"href":"https:\/\/www.radiopresidenteibanez.cl\/web\/wp-json\/wp\/v2\/media?parent=58397"}],"wp:term":[{"taxonomy":"category","embeddable":true,"href":"https:\/\/www.radiopresidenteibanez.cl\/web\/wp-json\/wp\/v2\/categories?post=58397"},{"taxonomy":"post_tag","embeddable":true,"href":"https:\/\/www.radiopresidenteibanez.cl\/web\/wp-json\/wp\/v2\/tags?post=58397"}],"curies":[{"name":"wp","href":"https:\/\/api.w.org\/{rel}","templated":true}]}}