{"id":58394,"date":"2025-08-21T11:58:00","date_gmt":"2025-08-21T14:58:00","guid":{"rendered":"https:\/\/www.radiopresidenteibanez.cl\/web\/?p=58394"},"modified":"2025-08-21T10:35:40","modified_gmt":"2025-08-21T13:35:40","slug":"puerto-natales-afianza-su-preparacion-para-la-temporada-turistica-2025-2026","status":"publish","type":"post","link":"https:\/\/www.radiopresidenteibanez.cl\/web\/puerto-natales-afianza-su-preparacion-para-la-temporada-turistica-2025-2026\/","title":{"rendered":"Puerto Natales afianza su preparaci\u00f3n para la temporada tur\u00edstica 2025-2026"},"content":{"rendered":"\n<p>La Alcald\u00eda de Puerto Natales y la C\u00e1mara de Turismo de \u00daltima Esperanza (CATUE) sostuvieron una reuni\u00f3n de trabajo para coordinar acciones conjuntas que aseguren una ciudad preparada, ordenada y acogedora de cara a la temporada tur\u00edstica 2025-2026.<\/p>\n\n\n\n<p>Entre los acuerdos destacan la realizaci\u00f3n de actividades culturales y deportivas en septiembre, la bienvenida oficial a los corredores de eventos deportivos y un plan de mejoramiento urbano que contempla limpieza de calles, renovaci\u00f3n de se\u00f1alizaciones viales y la definici\u00f3n de un estacionamiento para visitantes en el centro.<\/p>\n\n\n\n<p>En el \u00e1mbito gastron\u00f3mico, se comprometieron recursos municipales para mantener la certificaci\u00f3n internacional que posiciona a Puerto Natales como Capital Gastron\u00f3mica, mientras que se fortalecer\u00e1 la promoci\u00f3n de Fiestas Patrias como atractivo tur\u00edstico y la planificaci\u00f3n anticipada del turismo de invierno 2026. Tambi\u00e9n se abord\u00f3 la creaci\u00f3n de una tarjeta vecinal con beneficios para residentes con impulsoal turismo, como una forma de integrar a la comunidad al desarrollo tur\u00edstico.<\/p>\n\n\n\n<p>\u201cEstamos realizando todas las gestiones necesarias para que Natales, como ciudad tur\u00edstica, est\u00e9 plenamente preparada para la temporada 2025-2026. Esto requiere planificaci\u00f3n, coordinaci\u00f3n p\u00fablico\u2013privada y un compromiso conjunto con el desarrollo local\u201d, se\u00f1al\u00f3 Adriana Aguilar, gerente de la C\u00e1mara de Turismo de \u00daltima Esperanza.<\/p>\n","protected":false},"excerpt":{"rendered":"<p>La Alcald\u00eda de Puerto Natales y la C\u00e1mara de Turismo de \u00daltima Esperanza (CATUE) sostuvieron una reuni\u00f3n de trabajo para coordinar acciones conjuntas que aseguren una ciudad preparada, ordenada y&#8230; <a class=\"read-more\" href=\"https:\/\/www.radiopresidenteibanez.cl\/web\/puerto-natales-afianza-su-preparacion-para-la-temporada-turistica-2025-2026\/\">Leer m\u00e1s<\/a><\/p>\n","protected":false},"author":2,"featured_media":58395,"comment_status":"closed","ping_status":"closed","sticky":false,"template":"","format":"standard","meta":{"footnotes":""},"categories":[1],"tags":[],"class_list":["post-58394","post","type-post","status-publish","format-standard","has-post-thumbnail","hentry","category-cronica"],"_links":{"self":[{"href":"https:\/\/www.radiopresidenteibanez.cl\/web\/wp-json\/wp\/v2\/posts\/58394","targetHints":{"allow":["GET"]}}],"collection":[{"href":"https:\/\/www.radiopresidenteibanez.cl\/web\/wp-json\/wp\/v2\/posts"}],"about":[{"href":"https:\/\/www.radiopresidenteibanez.cl\/web\/wp-json\/wp\/v2\/types\/post"}],"author":[{"embeddable":true,"href":"https:\/\/www.radiopresidenteibanez.cl\/web\/wp-json\/wp\/v2\/users\/2"}],"replies":[{"embeddable":true,"href":"https:\/\/www.radiopresidenteibanez.cl\/web\/wp-json\/wp\/v2\/comments?post=58394"}],"version-history":[{"count":0,"href":"https:\/\/www.radiopresidenteibanez.cl\/web\/wp-json\/wp\/v2\/posts\/58394\/revisions"}],"wp:featuredmedia":[{"embeddable":true,"href":"https:\/\/www.radiopresidenteibanez.cl\/web\/wp-json\/wp\/v2\/media\/58395"}],"wp:attachment":[{"href":"https:\/\/www.radiopresidenteibanez.cl\/web\/wp-json\/wp\/v2\/media?parent=58394"}],"wp:term":[{"taxonomy":"category","embeddable":true,"href":"https:\/\/www.radiopresidenteibanez.cl\/web\/wp-json\/wp\/v2\/categories?post=58394"},{"taxonomy":"post_tag","embeddable":true,"href":"https:\/\/www.radiopresidenteibanez.cl\/web\/wp-json\/wp\/v2\/tags?post=58394"}],"curies":[{"name":"wp","href":"https:\/\/api.w.org\/{rel}","templated":true}]}}