{"id":58391,"date":"2025-08-21T10:45:00","date_gmt":"2025-08-21T13:45:00","guid":{"rendered":"https:\/\/www.radiopresidenteibanez.cl\/web\/?p=58391"},"modified":"2025-08-21T09:50:22","modified_gmt":"2025-08-21T12:50:22","slug":"seminario-miradas-que-transforman-derecho-concientizacion-e-inclusion-del-autismo-en-la-patagonia","status":"publish","type":"post","link":"https:\/\/www.radiopresidenteibanez.cl\/web\/seminario-miradas-que-transforman-derecho-concientizacion-e-inclusion-del-autismo-en-la-patagonia\/","title":{"rendered":"Seminario \u201cMiradas que transforman, derecho, concientizaci\u00f3n e inclusi\u00f3n del autismo en la Patagonia\u201d"},"content":{"rendered":"\n<p>Escuela especial Mi Mundo, con 14 a\u00f1os de trayectoria en educaci\u00f3n, atiende ni\u00f1os entre 2 a 16 a\u00f1os con discapacidad y retos m\u00faltiples, tiene una matr\u00edcula de 50 estudiantes, en cursos entre 6 a 8 alumnos, que son atendidos por un equipo multidisciplinario de profesionales especializados, educadoras diferenciales, t\u00e9cnicos en educaci\u00f3n especial, fonoaudi\u00f3logas, terapeuta ocupacional, psic\u00f3loga, trabajadora social, comprometidas con la inclusi\u00f3n y los derechos de las ni\u00f1as, ni\u00f1os, j\u00f3venes y sus familias. Esta instituci\u00f3n organiza el Seminario Internacional, \u201cMiradas que transforman, derecho, concientizaci\u00f3n e inclusi\u00f3n del autismo en la Patagonia\u201d el 22 de agosto, en el auditorio de INACAP de las 8:00 a las 18:30 hrs. Actividad que se realiza con los fondos ganados en el proyecto FONAPI de SENADIS, donde converger\u00e1n agentes activos en la neurodivergencia como el profesor Edu Sotelo, quien nos acompa\u00f1a desde Buenos Aires, Argentina, el equipo de Asombra Serey y sus autismo experiencias, desde Santiago, Romina Jara fundadora de Familias para la neurodivergencia, agrupaci\u00f3n de Quilpu\u00e9 y profesionales del \u00e1rea como la fonoaudi\u00f3loga Sandra V\u00e1squez y la terapeuta ocupacional Angelina Segura. Este seminario, tiene como objetivo generar una instancia de educaci\u00f3n sobre autismo, abierta a toda la comunidad, construyendo aprendizajes desde las experiencias y los conocimientos de los exponentes y la audiencia.<\/p>\n","protected":false},"excerpt":{"rendered":"<p>Escuela especial Mi Mundo, con 14 a\u00f1os de trayectoria en educaci\u00f3n, atiende ni\u00f1os entre 2 a 16 a\u00f1os con discapacidad y retos m\u00faltiples, tiene una matr\u00edcula de 50 estudiantes, en&#8230; <a class=\"read-more\" href=\"https:\/\/www.radiopresidenteibanez.cl\/web\/seminario-miradas-que-transforman-derecho-concientizacion-e-inclusion-del-autismo-en-la-patagonia\/\">Leer m\u00e1s<\/a><\/p>\n","protected":false},"author":2,"featured_media":58392,"comment_status":"closed","ping_status":"closed","sticky":false,"template":"","format":"standard","meta":{"footnotes":""},"categories":[1],"tags":[],"class_list":["post-58391","post","type-post","status-publish","format-standard","has-post-thumbnail","hentry","category-cronica"],"_links":{"self":[{"href":"https:\/\/www.radiopresidenteibanez.cl\/web\/wp-json\/wp\/v2\/posts\/58391","targetHints":{"allow":["GET"]}}],"collection":[{"href":"https:\/\/www.radiopresidenteibanez.cl\/web\/wp-json\/wp\/v2\/posts"}],"about":[{"href":"https:\/\/www.radiopresidenteibanez.cl\/web\/wp-json\/wp\/v2\/types\/post"}],"author":[{"embeddable":true,"href":"https:\/\/www.radiopresidenteibanez.cl\/web\/wp-json\/wp\/v2\/users\/2"}],"replies":[{"embeddable":true,"href":"https:\/\/www.radiopresidenteibanez.cl\/web\/wp-json\/wp\/v2\/comments?post=58391"}],"version-history":[{"count":0,"href":"https:\/\/www.radiopresidenteibanez.cl\/web\/wp-json\/wp\/v2\/posts\/58391\/revisions"}],"wp:featuredmedia":[{"embeddable":true,"href":"https:\/\/www.radiopresidenteibanez.cl\/web\/wp-json\/wp\/v2\/media\/58392"}],"wp:attachment":[{"href":"https:\/\/www.radiopresidenteibanez.cl\/web\/wp-json\/wp\/v2\/media?parent=58391"}],"wp:term":[{"taxonomy":"category","embeddable":true,"href":"https:\/\/www.radiopresidenteibanez.cl\/web\/wp-json\/wp\/v2\/categories?post=58391"},{"taxonomy":"post_tag","embeddable":true,"href":"https:\/\/www.radiopresidenteibanez.cl\/web\/wp-json\/wp\/v2\/tags?post=58391"}],"curies":[{"name":"wp","href":"https:\/\/api.w.org\/{rel}","templated":true}]}}