{"id":58388,"date":"2025-08-21T09:53:00","date_gmt":"2025-08-21T12:53:00","guid":{"rendered":"https:\/\/www.radiopresidenteibanez.cl\/web\/?p=58388"},"modified":"2025-08-21T09:44:26","modified_gmt":"2025-08-21T12:44:26","slug":"conversatorio-itinerante-dano-transgeneracional-y-sitios-de-memoria-se-realizo-en-el-liceo-bicentenario-hernando-de-magallanes","status":"publish","type":"post","link":"https:\/\/www.radiopresidenteibanez.cl\/web\/conversatorio-itinerante-dano-transgeneracional-y-sitios-de-memoria-se-realizo-en-el-liceo-bicentenario-hernando-de-magallanes\/","title":{"rendered":"Conversatorio Itinerante \u201cDa\u00f1o Transgeneracional y Sitios de Memoria\u201d se realiz\u00f3 en el liceo Bicentenario Hernando de Magallanes"},"content":{"rendered":"\n<p>Con el prop\u00f3sito de fortalecer la preservaci\u00f3n de la memoria hist\u00f3rica regional en materia de Derechos Humanos, la Agrupaci\u00f3n Hij@s y Niet@s por la Memoria, se traslad\u00f3 hasta Porvenir, para realizar la segunda versi\u00f3n del Conversatorio Itinerante \u201cDa\u00f1o Transgeneracional y Sitios de Memoria\u201d, que se llev\u00f3 a cabo el 19 de agosto por la ma\u00f1ana, en el auditorio del Liceo Bicentenario Hernando de Magallanes, ante una audiencia de 60 estudiantes<br>pertenecientes a 3\u00b0 y 4\u00b0 medio T\u00e9cnico Profesional Diferenciado de Comprensi\u00f3n Hist\u00f3rica del<br>Presente y un curso de Historia.<br>En la apertura de la reuni\u00f3n, Ver\u00f3nica L\u00f3pez, entreg\u00f3 un saludo en representaci\u00f3n del Delegado<br>Presidencial Provincial de Tierra del Fuego, Jos\u00e9 Campos Prieto, enfatizando que \u201ceste tipo de<br>iniciativas abren espacios para reforzar la memoria, entregando a las nuevas generaciones el valor<br>de la democracia y respeto por quienes piensan distinto. Pueden conocer las huellas de nuestra<br>historia reciente en el Chile actual y la importancia de formar parte de una cultura de derechos<br>humanos\u201d.<br>Con una metodolog\u00eda basada en pedagog\u00edas de la memoria, el conversatorio incluye la exhibici\u00f3n de entrevistas a descendientes de ex presos y ex presas pol\u00edticas que experimentaron el secuestro,<br>detenci\u00f3n y tortura en sitios de memoria diseminados por la Regi\u00f3n de Magallanes y de la Ant\u00e1rtica Chilena durante la dictadura civil militar. Para luego dar paso a un conversatorio que promueve el conocimiento de conceptos relacionados con la reparaci\u00f3n simb\u00f3lica como resultado de la se\u00f1alizaci\u00f3n de sitios de memoria y la acci\u00f3n de reconocer el da\u00f1o transgeneracional. As\u00ed detallaron sus relatores, Cristian Valle Celed\u00f3n y Ana Marlen Guerra, en tanto mencionaron que lo anterior, \u201ces parte de un proceso de superaci\u00f3n del trauma que afect\u00f3 a las v\u00edctimas de la represi\u00f3n dictatorial y sus familias, pero que a la vez impacta en la naci\u00f3n completa\u201d.<br>Jos\u00e9 Luis Vargas, profesor de Turismo, espec\u00edficamente en el \u00e1rea de Patrimonio, se\u00f1al\u00f3 que \u201cfue un agrado participar en este conversatorio, porque al final Porvenir es una comunidad peque\u00f1a y son cosas que no se hablan tanto. Igual imagino que en su momento debi\u00f3 haber sido muy chocante toda esta situaci\u00f3n, porque todo el mundo se conoce de una u otra manera en un pueblo tan peque\u00f1o. As\u00ed es que imagino que lo ocurrido debi\u00f3 haber tenido un impacto directo, pero producto del mismo contexto, tal vez qued\u00f3 silenciado y me alegro mucho que hayan podido traer esta actividad para los estudiantes\u201d.<br>Por su parte, la estudiante Jubittza Rodr\u00edguez Rosas, de 4to T\u00e9cnico Profesional, calific\u00f3 como<br>interesante esta actividad, porque seg\u00fan dijo: \u201cUno siempre tiene la noci\u00f3n de que estas cosas<br>pasaron solo en Santiago, pero no se espera que hayan pasado en esta regi\u00f3n tan inh\u00f3spita y tan<br>cerca de nosotros\u201d. Al tiempo que reflexion\u00f3 sobre las repercusiones que estos hechos tuvieron en<br>las personas, en los hijos, los nietos \u201cy lo importante que es recordar que esto pas\u00f3 y que al final no hay que negarlo\u201d, afirm\u00f3 la joven.<br>El Informe Valech del a\u00f1o 2010 establece que para ahondar el aprendizaje colectivo y la calidad<br>democr\u00e1tica de nuestro pa\u00eds es necesario declarar \u201clos principales centros de tortura como<br>monumentos nacionales y la creaci\u00f3n de memoriales y sitios recordatorios de las v\u00edctimas de violaciones a los derechos humanos y violencia pol\u00edtica.\u201d En esa l\u00ednea, la Agrupaci\u00f3n Hij@s y Niet@s por la Memoria, ha dedicado gran parte de su trayectoria a la recolecci\u00f3n de testimonios que giran en torno a dichos sitios de memoria, desde las v\u00edctimas que pasaron por ellos hasta la transmisi\u00f3n del da\u00f1o a sus descendientes.<br>Sitios de Memoria en Tierra del Fuego<br>De acuerdo a informaci\u00f3n contenida en la Cartograf\u00eda Sitios de Memoria Magallanes, en Tierra del<br>Fuego, se reconoce la Casa de Interrogaci\u00f3n Cerro Sombrero, propiedad de la Empresa Nacional del Petr\u00f3leo (ENAP) destinada habitualmente a los directores del hospital del Campamento Cerro<br>Sombrero, que fue utilizada desde el mismo 11 de septiembre de 1973 por el Servicio de Inteligencia Militar (SIM), para someter a mujeres y hombres de la localidad y a los que proven\u00edan del Regimiento Caupolic\u00e1n.<br>La Comisar\u00eda de Carabineros de Porvenir, seg\u00fan lo se\u00f1alado por ex presas y ex presos pol\u00edticos, se<br>utiliz\u00f3 en 1973 como punto de tr\u00e1nsito de personas, que fueron derivadas al Regimiento Caupolic\u00e1n o a centros de detenci\u00f3n y tortura de Punta Arenas.<br>El Regimiento de Infanter\u00eda N\u00b0 11 Caupolic\u00e1n funcion\u00f3 entre septiembre de 1973 y 1974, a cargo del coronel Augusto Reijer Rago 11, registrando el mayor n\u00famero de casos el primer a\u00f1o. Los<br>prisioneros coincidieron en se\u00f1alar que este recinto fue el principal centro de interrogaci\u00f3n y tortura de Tierra del Fuego, bajo la responsabilidad del Servicio de Inteligencia Militar (SIM). Desde este recinto, el 29 de octubre de 1973, Carlos Baigorri Hern\u00e1ndez (profesor comunista), Germ\u00e1n C\u00e1rcamo Carrasco (empleado de SOCOAGRO 12 y militante socialista) y Ram\u00f3n Gonz\u00e1lez Ortega (funcionario del Servicio de Impuestos Internos sin una militancia conocida) fueron sacados cerca de la medianoche en direcci\u00f3n al sector Los Canelos 14, siendo fusilados por miembros del Ej\u00e9rcito.<br>El Ret\u00e9n de Carabineros Cerro Sombrero fue ocupado como centro de detenci\u00f3n e interrogatorios<br>de prisioneros en tr\u00e1nsito, tras el Golpe de Estado en 1973. La misma ma\u00f1ana del 11 de septiembre, algunos presos pol\u00edticos estuvieron recluidos en uno de los dos calabozos de este ret\u00e9n.<\/p>\n","protected":false},"excerpt":{"rendered":"<p>Con el prop\u00f3sito de fortalecer la preservaci\u00f3n de la memoria hist\u00f3rica regional en materia de Derechos Humanos, la Agrupaci\u00f3n Hij@s y Niet@s por la Memoria, se traslad\u00f3 hasta Porvenir, para&#8230; <a class=\"read-more\" href=\"https:\/\/www.radiopresidenteibanez.cl\/web\/conversatorio-itinerante-dano-transgeneracional-y-sitios-de-memoria-se-realizo-en-el-liceo-bicentenario-hernando-de-magallanes\/\">Leer m\u00e1s<\/a><\/p>\n","protected":false},"author":2,"featured_media":58389,"comment_status":"closed","ping_status":"closed","sticky":false,"template":"","format":"standard","meta":{"footnotes":""},"categories":[1],"tags":[],"class_list":["post-58388","post","type-post","status-publish","format-standard","has-post-thumbnail","hentry","category-cronica"],"_links":{"self":[{"href":"https:\/\/www.radiopresidenteibanez.cl\/web\/wp-json\/wp\/v2\/posts\/58388","targetHints":{"allow":["GET"]}}],"collection":[{"href":"https:\/\/www.radiopresidenteibanez.cl\/web\/wp-json\/wp\/v2\/posts"}],"about":[{"href":"https:\/\/www.radiopresidenteibanez.cl\/web\/wp-json\/wp\/v2\/types\/post"}],"author":[{"embeddable":true,"href":"https:\/\/www.radiopresidenteibanez.cl\/web\/wp-json\/wp\/v2\/users\/2"}],"replies":[{"embeddable":true,"href":"https:\/\/www.radiopresidenteibanez.cl\/web\/wp-json\/wp\/v2\/comments?post=58388"}],"version-history":[{"count":0,"href":"https:\/\/www.radiopresidenteibanez.cl\/web\/wp-json\/wp\/v2\/posts\/58388\/revisions"}],"wp:featuredmedia":[{"embeddable":true,"href":"https:\/\/www.radiopresidenteibanez.cl\/web\/wp-json\/wp\/v2\/media\/58389"}],"wp:attachment":[{"href":"https:\/\/www.radiopresidenteibanez.cl\/web\/wp-json\/wp\/v2\/media?parent=58388"}],"wp:term":[{"taxonomy":"category","embeddable":true,"href":"https:\/\/www.radiopresidenteibanez.cl\/web\/wp-json\/wp\/v2\/categories?post=58388"},{"taxonomy":"post_tag","embeddable":true,"href":"https:\/\/www.radiopresidenteibanez.cl\/web\/wp-json\/wp\/v2\/tags?post=58388"}],"curies":[{"name":"wp","href":"https:\/\/api.w.org\/{rel}","templated":true}]}}