{"id":58386,"date":"2025-08-21T08:56:00","date_gmt":"2025-08-21T11:56:00","guid":{"rendered":"https:\/\/www.radiopresidenteibanez.cl\/web\/?p=58386"},"modified":"2025-08-21T08:30:17","modified_gmt":"2025-08-21T11:30:17","slug":"boletin-informativo-orbe-61","status":"publish","type":"post","link":"https:\/\/www.radiopresidenteibanez.cl\/web\/boletin-informativo-orbe-61\/","title":{"rendered":"BOLETIN INFORMATIVO ORBE"},"content":{"rendered":"\n<p>SANTIAGO.- La Presidencia de la Rep\u00fablica confirm\u00f3 la salida<br>del ministro de Agricultura, Esteban Valenzuela. En un<br>comunicado, se\u00f1al\u00f3 que \u00abla Direcci\u00f3n de Comunicaciones de la<br>Presidencia informa que S.E. el Presidente de la Rep\u00fablica,<br>Gabriel Boric Font, acept\u00f3 la renuncia del ministro de<br>Agricultura, Esteban Valenzuela\u00bb.<\/p>\n\n\n\n<p>SANTIAGO.- El texto a\u00f1adi\u00f3 que \u00abel Presidente agradece el<br>compromiso y trabajo desempe\u00f1ado por Valenzuela. Asimismo, se<br>inform\u00f3 que asume la subrogancia del cargo el actual<br>subsecretario de Agricultura, Alan Espinoza Ortiz\u00bb.<\/p>\n\n\n\n<p>SANTIAGO.- La Sociedad Nacional de Agricultura, SNA, rechaz\u00f3<br>la salida del exministro de Agricultura, Esteban Valenzuela.<br>En una declaraci\u00f3n p\u00fablica, la entidad detall\u00f3 que<br>\u00abconsideramos que las razones de la salida de Valenzuela<br>obedecen a factores ajenos a su gesti\u00f3n. Valoramos<br>especialmente su cercan\u00eda con nuestro gremio y su permanente<br>disposici\u00f3n al di\u00e1logo\u00bb.<\/p>\n\n\n\n<p>SANTIAGO.- En ese sentido, la SNA, manifest\u00f3 su \u00abpreocupaci\u00f3n<br>por el momento en que se adopta esta decisi\u00f3n, previo a la<br>temporada, con desaf\u00edos por delante y a pocos meses del<br>t\u00e9rmino de la actual administraci\u00f3n\u00bb. \u00abEsperamos que quien<br>asuma el Ministerio de Agricultura le d\u00e9 continuidad al<br>trabajo realizado\u00bb, cerr\u00f3.<\/p>\n\n\n\n<p>VALPARAISO.- El diputado de la Federaci\u00f3n Regionalista Verde<br>Social, FRVS, Jaime Mulet, rechaz\u00f3 el despido del del EX<br>ministro de Agricultura, Esteban Valenzuela. Al respecto,<br>sostuvo que \u00abremover a Esteban Valenzuela porque su partido<br>se rest\u00f3 de la lista oficialista unitaria \u00abser\u00eda una torpeza<br>casi infantil\u00bb, asegur\u00f3.<\/p>\n\n\n\n<p>VALPARAISO.- La C\u00e1mara de Diputados aprob\u00f3 en general y<br>respald\u00f3 todas las indicaciones del proyecto que pone fin al<br>Cr\u00e9dito con Aval del Estado, CAE, y crea el nuevo sistema de<br>Financiamiento de la Educaci\u00f3n Superior, FES, lo que permiti\u00f3<br>despachar la iniciativa \u00edntegramente al Senado. Con ello, el<br>Gobierno anot\u00f3 un avance significativo en una de sus reformas<br>emblem\u00e1ticas.<\/p>\n\n\n\n<p>VALPARAISO.- La C\u00e1mara aprob\u00f3 ambos ejes del proyecto \u2014el<br>mecanismo de condonaci\u00f3n de deudas y la creaci\u00f3n del FES\u2014,<br>pese a que desde la oposici\u00f3n se hab\u00eda exigido que fueran<br>tramitados por separado. En lo relativo al FES, se visaron<br>las indicaciones que hab\u00edan generado mayor debate en las<br>comisiones de Educaci\u00f3n y Hacienda, especialmente aquellas<br>vinculadas al copago. La normativa establece que este<br>mecanismo estar\u00e1 disponible para todos los estudiantes que lo<br>requieran.<\/p>\n","protected":false},"excerpt":{"rendered":"<p>SANTIAGO.- La Presidencia de la Rep\u00fablica confirm\u00f3 la salidadel ministro de Agricultura, Esteban Valenzuela. En uncomunicado, se\u00f1al\u00f3 que \u00abla Direcci\u00f3n de Comunicaciones de laPresidencia informa que S.E. el Presidente de&#8230; <a class=\"read-more\" href=\"https:\/\/www.radiopresidenteibanez.cl\/web\/boletin-informativo-orbe-61\/\">Leer m\u00e1s<\/a><\/p>\n","protected":false},"author":2,"featured_media":58358,"comment_status":"closed","ping_status":"closed","sticky":false,"template":"","format":"standard","meta":{"footnotes":""},"categories":[1],"tags":[],"class_list":["post-58386","post","type-post","status-publish","format-standard","has-post-thumbnail","hentry","category-cronica"],"_links":{"self":[{"href":"https:\/\/www.radiopresidenteibanez.cl\/web\/wp-json\/wp\/v2\/posts\/58386","targetHints":{"allow":["GET"]}}],"collection":[{"href":"https:\/\/www.radiopresidenteibanez.cl\/web\/wp-json\/wp\/v2\/posts"}],"about":[{"href":"https:\/\/www.radiopresidenteibanez.cl\/web\/wp-json\/wp\/v2\/types\/post"}],"author":[{"embeddable":true,"href":"https:\/\/www.radiopresidenteibanez.cl\/web\/wp-json\/wp\/v2\/users\/2"}],"replies":[{"embeddable":true,"href":"https:\/\/www.radiopresidenteibanez.cl\/web\/wp-json\/wp\/v2\/comments?post=58386"}],"version-history":[{"count":0,"href":"https:\/\/www.radiopresidenteibanez.cl\/web\/wp-json\/wp\/v2\/posts\/58386\/revisions"}],"wp:featuredmedia":[{"embeddable":true,"href":"https:\/\/www.radiopresidenteibanez.cl\/web\/wp-json\/wp\/v2\/media\/58358"}],"wp:attachment":[{"href":"https:\/\/www.radiopresidenteibanez.cl\/web\/wp-json\/wp\/v2\/media?parent=58386"}],"wp:term":[{"taxonomy":"category","embeddable":true,"href":"https:\/\/www.radiopresidenteibanez.cl\/web\/wp-json\/wp\/v2\/categories?post=58386"},{"taxonomy":"post_tag","embeddable":true,"href":"https:\/\/www.radiopresidenteibanez.cl\/web\/wp-json\/wp\/v2\/tags?post=58386"}],"curies":[{"name":"wp","href":"https:\/\/api.w.org\/{rel}","templated":true}]}}