{"id":58382,"date":"2025-08-21T08:15:10","date_gmt":"2025-08-21T11:15:10","guid":{"rendered":"https:\/\/www.radiopresidenteibanez.cl\/web\/?p=58382"},"modified":"2025-08-21T08:15:48","modified_gmt":"2025-08-21T11:15:48","slug":"sec-convoca-a-mujeres-del-sector-energetico-a-debatir-sobre-rol-femenino-en-la-industria","status":"publish","type":"post","link":"https:\/\/www.radiopresidenteibanez.cl\/web\/sec-convoca-a-mujeres-del-sector-energetico-a-debatir-sobre-rol-femenino-en-la-industria\/","title":{"rendered":"SEC convoca a mujeres del sector energ\u00e9tico a debatir sobre rol femenino en la Industria"},"content":{"rendered":"\n<p>La Direcci\u00f3n Regional Magallanes de la Superintendencia de Electricidad y Combustibles,<br>SEC, con el apoyo de la Serem\u00eda de Energ\u00eda de la zona, organiz\u00f3 y llev\u00f3 a cabo el<br>Encuentro Regional de Mujeres en Energ\u00eda, instancia en la que adem\u00e1s colaboraron<br>fuertemente las Serem\u00edas de la Mujer y Equidad de G\u00e9nero y del Trabajo, y que se<br>desarroll\u00f3 durante este mi\u00e9rcoles 20 de agosto en la ciudad de Punta Arenas.<br>El encuentro ten\u00eda tres objetivos principales: Crear redes entre las mujeres de la industria<br>energ\u00e9tica, ya sea alumnas, profesionales de empresas e instaladoras; conocer aspectos<br>legales laborales y de conciliaci\u00f3n para las mujeres en el trabajo; e inspirar y motivar a las<br>mujeres de la energ\u00eda.<br>Para ello se desarrollaron dos charlas, una ligada a temas laborales y previsi\u00f3n social a<br>cargo de la SEREMI del Trabajo y otra de leyes en apoyo a las mujeres y su equidad, a<br>cargo de la SEREMI de la Mujer y Equidad de G\u00e9nero. Posteriormente, se realiz\u00f3 un<br>panel de Liderazgo Femenino donde las cuatro participantes de la S\u00e9ptima Generaci\u00f3n<br>del Women in Energy de WEC Chile contaron sus experiencias, miedos y vivencias para<br>animar a otras mujeres a seguir en este camino.<br>INDUSTRIA MASCULINIZADA<br>La Directora Regional de SEC Magallanes, Fernanda Garrido, sostuvo que \u201csiempre es<br>necesario detenerse, en alg\u00fan instante, para observar lo que hemos ido avanzado en<br>cuanto a equidad en una industria que, hist\u00f3ricamente, ha sido muy masculinizada, y<br>donde por lo mismo ha costado mucho introducir los cambios necesarios para avanzar<br>hacia un sector m\u00e1s equitativo, donde las mujeres tengan las mismas oportunidades que<br>sus pares hombres\u201d.<br>Reforzando este punto el Seremi de Energ\u00eda, Sergio Cuiti\u00f1o se\u00f1al\u00f3: \u201cEsta instancia nos<br>interesa mucho, porque se vienen grandes desaf\u00edos para la regi\u00f3n, es un buen momento<br>ahora, una etapa que es de pre-inversi\u00f3n, para que la incorporaci\u00f3n de la mujer sea algo<br>real y generemos un desarrollo industrial (con el desarrollo de la industria del hidrogeno<br>verde), que sea equitativo desde sus inicios con estas pol\u00edticas y pr\u00e1cticas que le hacen<br>tan bien a nuestro pa\u00eds\u201d<br>Por su parte, la Seremi del Trabajo, Jessica Bengoa se\u00f1al\u00f3: \u00abEsta es la primera jornada<br>en la que se re\u00fanen mujeres instaladoras el\u00e9ctricas certificadas por la Superintendencia<br>de Electricidad y Combustibles (SEC) en la regi\u00f3n. Por tanto, como cartera del Trabajo,<br>aceptamos gustosos esta invitaci\u00f3n para aportarles a ellas con informaci\u00f3n necesaria en<\/p>\n\n\n\n<p>materia laboral y previsional, en este caso, impartida por la Direcci\u00f3n del Trabajo.<br>Esperamos que haya sido una jornada provechosa para ellas y que podamos repetir<br>instancias como esta\u00bb.<br>En tanto, la Seremi de la Mujer y Equidad de G\u00e9nero Alejandra Ruiz Ovando afirm\u00f3 que:<br>El Chile para Todas justamente busca ir incorporando a mujeres en distintos rubros e ir<br>derribando barreras e inequidades, para que avancemos en derechos. En el caso de M\u00e1s<br>Mujeres en Energ\u00eda, busca que m\u00e1s mujeres se vinculen en este rubro que<br>tradicionalmente ha sido masculinizado; estamos en esta oportunidad asesorando y<br>acompa\u00f1ado en esta actividad al SEC para entregar informaci\u00f3n de como avances en<br>derechos, pero tambi\u00e9n recogiendo las propuestas que tienen las mujeres de este rubro<br>para poder tener una mejor participaci\u00f3n laboral con equidad en estos espacios.<br>Vania Strello, una de las asistentes al Encuentro, sostuvo que \u201cEn esta jornada de<br>reflexi\u00f3n estamos conoci\u00e9ndonos, haciendo redes entre las mujeres que nos<br>desempe\u00f1amos en el rubro de la energ\u00eda; ha sido una experiencia super potente<br>acercarnos y conocer circunstancias y situaciones de la regi\u00f3n, reconociendo<br>problem\u00e1ticas y temas comunes que son transversales independiente de la edad y tu<br>situaci\u00f3n como mujer\u201d<br>Finalmente, desde la SEC hicieron un llamado a seguir las cuentas oficiales de la SEC en<br>Redes Sociales: Instagram (@sec_chile), LinkedIn (Superintendencia de Electricidad y<br>Combustibles \u2013 SEC), X (@SEC_cl) y Superintendencia SEC (Facebook), donde la<br>ciudadan\u00eda podr\u00e1 acceder a informaci\u00f3n \u00fatil y consejos de seguridad para el uso de los<br>energ\u00e9ticos.<\/p>\n","protected":false},"excerpt":{"rendered":"<p>La Direcci\u00f3n Regional Magallanes de la Superintendencia de Electricidad y Combustibles,SEC, con el apoyo de la Serem\u00eda de Energ\u00eda de la zona, organiz\u00f3 y llev\u00f3 a cabo elEncuentro Regional de&#8230; <a class=\"read-more\" href=\"https:\/\/www.radiopresidenteibanez.cl\/web\/sec-convoca-a-mujeres-del-sector-energetico-a-debatir-sobre-rol-femenino-en-la-industria\/\">Leer m\u00e1s<\/a><\/p>\n","protected":false},"author":2,"featured_media":58383,"comment_status":"closed","ping_status":"closed","sticky":false,"template":"","format":"standard","meta":{"footnotes":""},"categories":[1],"tags":[],"class_list":["post-58382","post","type-post","status-publish","format-standard","has-post-thumbnail","hentry","category-cronica"],"_links":{"self":[{"href":"https:\/\/www.radiopresidenteibanez.cl\/web\/wp-json\/wp\/v2\/posts\/58382","targetHints":{"allow":["GET"]}}],"collection":[{"href":"https:\/\/www.radiopresidenteibanez.cl\/web\/wp-json\/wp\/v2\/posts"}],"about":[{"href":"https:\/\/www.radiopresidenteibanez.cl\/web\/wp-json\/wp\/v2\/types\/post"}],"author":[{"embeddable":true,"href":"https:\/\/www.radiopresidenteibanez.cl\/web\/wp-json\/wp\/v2\/users\/2"}],"replies":[{"embeddable":true,"href":"https:\/\/www.radiopresidenteibanez.cl\/web\/wp-json\/wp\/v2\/comments?post=58382"}],"version-history":[{"count":0,"href":"https:\/\/www.radiopresidenteibanez.cl\/web\/wp-json\/wp\/v2\/posts\/58382\/revisions"}],"wp:featuredmedia":[{"embeddable":true,"href":"https:\/\/www.radiopresidenteibanez.cl\/web\/wp-json\/wp\/v2\/media\/58383"}],"wp:attachment":[{"href":"https:\/\/www.radiopresidenteibanez.cl\/web\/wp-json\/wp\/v2\/media?parent=58382"}],"wp:term":[{"taxonomy":"category","embeddable":true,"href":"https:\/\/www.radiopresidenteibanez.cl\/web\/wp-json\/wp\/v2\/categories?post=58382"},{"taxonomy":"post_tag","embeddable":true,"href":"https:\/\/www.radiopresidenteibanez.cl\/web\/wp-json\/wp\/v2\/tags?post=58382"}],"curies":[{"name":"wp","href":"https:\/\/api.w.org\/{rel}","templated":true}]}}