{"id":58379,"date":"2025-08-20T18:39:00","date_gmt":"2025-08-20T21:39:00","guid":{"rendered":"https:\/\/www.radiopresidenteibanez.cl\/web\/?p=58379"},"modified":"2025-08-20T14:11:19","modified_gmt":"2025-08-20T17:11:19","slug":"coordinadores-de-convivencia-escolar-del-slep-magallanes-dan-los-primeros-pasos-para-conformar-red-comunal-en-puerto-natales","status":"publish","type":"post","link":"https:\/\/www.radiopresidenteibanez.cl\/web\/coordinadores-de-convivencia-escolar-del-slep-magallanes-dan-los-primeros-pasos-para-conformar-red-comunal-en-puerto-natales\/","title":{"rendered":"Coordinadores de Convivencia Escolar del SLEP Magallanes dan los primeros pasos para conformar red comunal en Puerto Natales"},"content":{"rendered":"\n<p>En la biblioteca CRA del Liceo Bicentenario Gabriela Mistral de Puerto Natales se<br>desarroll\u00f3 una significativa reuni\u00f3n de coordinadores de convivencia escolar,<br>convocada por la Unidad de Apoyo T\u00e9cnico Pedag\u00f3gico del Servicio Local de<br>Educaci\u00f3n P\u00fablica Magallanes. La jornada fue liderada por los profesionales Sebasti\u00e1n<br>Mu\u00f1oz y Carolina Gonz\u00e1lez de la oficina central del SLEP en Punta Arenas.<br>El objetivo principal de esta instancia fue dar forma a la red comunal de convivencia<br>escolar de Puerto Natales, una iniciativa que se enmarca dentro de un proceso general<br>de conformaci\u00f3n de redes t\u00e9cnicas en los distintos \u00e1mbitos educativos del territorio<br>donde el Servicio tiene injerencia.<br>Asimismo, esta red busca fortalecer el trabajo colaborativo entre los establecimientos<br>educacionales de la comuna, promoviendo una gesti\u00f3n articulada y contextualizada en<br>el \u00e1rea de la convivencia escolar.<br>Entre las metas estrat\u00e9gicas propuestas desde el Servicio para esta red se encuentran<br>coordinar colaborativamente acciones entre el sostenedor, los establecimientos y las<br>instituciones del intersector para abordar de manera integral los desaf\u00edos que afectan<br>la convivencia escolar y potenciar aquellos elementos que est\u00e9n dando frutos; e<br>implementar acciones con pertinencia local, adaptadas a las realidades y necesidades<br>espec\u00edficas de los establecimientos que integran la red comunal de Natales.<br>Durante la sesi\u00f3n se avanz\u00f3 en la elecci\u00f3n de un coordinador comunal,<br>responsabilidad que asumi\u00f3 el docente del Liceo Polit\u00e9cnico Luis Cruz Mart\u00ednez,<br>Fabi\u00e1n Caro, quien tiene 8 a\u00f1os de experiencia como encargado del departamento de<br>convivencia en ese establecimiento. Adem\u00e1s, en pos de consolidar el trabajo<br>mancomunado de la red se estableci\u00f3 la periodicidad con que se realizar\u00e1n las<br>reuniones, las que se llevar\u00e1n a cabo de manera mensual en alg\u00fan establecimiento de<br>la comuna.<br>Esta iniciativa representa un paso importante en el fortalecimiento de la convivencia<br>escolar como eje fundamental para el desarrollo integral de los estudiantes y refleja el<br>compromiso del SLEP Magallanes con una educaci\u00f3n p\u00fablica de calidad, inclusiva y<br>territorialmente pertinente.<\/p>\n","protected":false},"excerpt":{"rendered":"<p>En la biblioteca CRA del Liceo Bicentenario Gabriela Mistral de Puerto Natales sedesarroll\u00f3 una significativa reuni\u00f3n de coordinadores de convivencia escolar,convocada por la Unidad de Apoyo T\u00e9cnico Pedag\u00f3gico del Servicio&#8230; <a class=\"read-more\" href=\"https:\/\/www.radiopresidenteibanez.cl\/web\/coordinadores-de-convivencia-escolar-del-slep-magallanes-dan-los-primeros-pasos-para-conformar-red-comunal-en-puerto-natales\/\">Leer m\u00e1s<\/a><\/p>\n","protected":false},"author":2,"featured_media":58380,"comment_status":"closed","ping_status":"closed","sticky":false,"template":"","format":"standard","meta":{"footnotes":""},"categories":[1],"tags":[],"class_list":["post-58379","post","type-post","status-publish","format-standard","has-post-thumbnail","hentry","category-cronica"],"_links":{"self":[{"href":"https:\/\/www.radiopresidenteibanez.cl\/web\/wp-json\/wp\/v2\/posts\/58379","targetHints":{"allow":["GET"]}}],"collection":[{"href":"https:\/\/www.radiopresidenteibanez.cl\/web\/wp-json\/wp\/v2\/posts"}],"about":[{"href":"https:\/\/www.radiopresidenteibanez.cl\/web\/wp-json\/wp\/v2\/types\/post"}],"author":[{"embeddable":true,"href":"https:\/\/www.radiopresidenteibanez.cl\/web\/wp-json\/wp\/v2\/users\/2"}],"replies":[{"embeddable":true,"href":"https:\/\/www.radiopresidenteibanez.cl\/web\/wp-json\/wp\/v2\/comments?post=58379"}],"version-history":[{"count":0,"href":"https:\/\/www.radiopresidenteibanez.cl\/web\/wp-json\/wp\/v2\/posts\/58379\/revisions"}],"wp:featuredmedia":[{"embeddable":true,"href":"https:\/\/www.radiopresidenteibanez.cl\/web\/wp-json\/wp\/v2\/media\/58380"}],"wp:attachment":[{"href":"https:\/\/www.radiopresidenteibanez.cl\/web\/wp-json\/wp\/v2\/media?parent=58379"}],"wp:term":[{"taxonomy":"category","embeddable":true,"href":"https:\/\/www.radiopresidenteibanez.cl\/web\/wp-json\/wp\/v2\/categories?post=58379"},{"taxonomy":"post_tag","embeddable":true,"href":"https:\/\/www.radiopresidenteibanez.cl\/web\/wp-json\/wp\/v2\/tags?post=58379"}],"curies":[{"name":"wp","href":"https:\/\/api.w.org\/{rel}","templated":true}]}}