{"id":58373,"date":"2025-08-20T15:51:00","date_gmt":"2025-08-20T18:51:00","guid":{"rendered":"https:\/\/www.radiopresidenteibanez.cl\/web\/?p=58373"},"modified":"2025-08-20T14:05:10","modified_gmt":"2025-08-20T17:05:10","slug":"premio-nacional-de-medio-ambiente-destaca-el-valor-del-proyecto-respira-patagonia-para-la-recuperacion-de-la-estepa-patrimonio-natural-de-la-region","status":"publish","type":"post","link":"https:\/\/www.radiopresidenteibanez.cl\/web\/premio-nacional-de-medio-ambiente-destaca-el-valor-del-proyecto-respira-patagonia-para-la-recuperacion-de-la-estepa-patrimonio-natural-de-la-region\/","title":{"rendered":"PREMIO NACIONAL DE MEDIO AMBIENTE DESTACA EL VALOR DEL PROYECTO \u201cRESPIRA PATAGONIA\u201d\u00a0PARA LA RECUPERACI\u00d3N DE LA ESTEPA, PATRIMONIO NATURAL DE LA REGI\u00d3N"},"content":{"rendered":"\n<p>En el marco de un conversatorio realizado en el Club Croata de Punta Arenas, el Premio Nacional de Medio Ambiente, Nicolo Gligo Viel, subray\u00f3 la relevancia de iniciativas como Respira Patagonia, impulsado por Plan-C, para enfrentar los desaf\u00edos de la crisis clim\u00e1tica y la degradaci\u00f3n de los ecosistemas.<\/p>\n\n\n\n<p>Gligo recalc\u00f3 que<em>, \u201cel principal impacto y objetivo fundamental de Respira Patagonia es la recuperaci\u00f3n de la pradera, m\u00e1s all\u00e1 de la fijaci\u00f3n de carbono. Este \u00faltimo es un mecanismo que permite generar recursos internacionales, pero lo verdaderamente valioso es c\u00f3mo esos recursos se convierten en una herramienta para restaurar un suelo que hoy sigue erosion\u00e1ndose progresivamente. Respira Patagonia destaca adem\u00e1s por su escala y proyecci\u00f3n masiva, lo que lo convierte en una iniciativa \u00fanica en el pa\u00eds\u201d, indic\u00f3. \u201cCreo que debemos darle todo el apoyo posible, porque representa una oportunidad concreta para revertir la degradaci\u00f3n y avanzar hacia un modelo de desarrollo ambientalmente sustentable para la regi\u00f3n\u201d.<\/em><\/p>\n\n\n\n<p>Respira Patagonia se presenta como uno de los proyectos de acci\u00f3n clim\u00e1tica m\u00e1s innovadores a nivel nacional, con la participaci\u00f3n de un importante n\u00famero de ganaderos con una proyecci\u00f3n territorial que bordea las 350 mil hect\u00e1reas. Fernando Baeriswyl, Ingeniero Agr\u00f3nomo y Director de Innovaci\u00f3n del proyecto detall\u00f3 que, \u201cel enfoque de esta iniciativa se basa en pr\u00e1cticas regenerativas, la conservaci\u00f3n de la biodiversidad y la implementaci\u00f3n de planes de manejo predial orientados a la restauraci\u00f3n de suelos esteparios. A trav\u00e9s del mercado voluntario de carbono, se proyecta generar beneficios ambientales y econ\u00f3micos de largo plazo\u201d.<\/p>\n\n\n\n<p>La obra m\u00e1s reciente de&nbsp;Nicolo Gligo (y otros),&nbsp;<em>Am\u00e9rica Latina y El Caribe: una de las \u00faltimas fronteras para la vida,<\/em>&nbsp;plantea la urgencia de impulsar modelos de desarrollo que integren ciencia, pol\u00edticas p\u00fablicas y ordenamiento territorial. Sus reflexiones dialogan directamente con el prop\u00f3sito de Respira Patagonia: ofrecer soluciones basadas en la naturaleza que articulen la acci\u00f3n clim\u00e1tica global con la realidad local de la Patagonia.<\/p>\n\n\n\n<p>De este modo, la visita del acad\u00e9mico refuerza el impacto local y la proyecci\u00f3n internacional de Respira Patagonia como iniciativa que no solo contribuye a la mitigaci\u00f3n del cambio clim\u00e1tico, sino que tambi\u00e9n genera&nbsp;nuevas oportunidades para la recuperaci\u00f3n de los ecosistemas de la estepa regional.<\/p>\n","protected":false},"excerpt":{"rendered":"<p>En el marco de un conversatorio realizado en el Club Croata de Punta Arenas, el Premio Nacional de Medio Ambiente, Nicolo Gligo Viel, subray\u00f3 la relevancia de iniciativas como Respira&#8230; <a class=\"read-more\" href=\"https:\/\/www.radiopresidenteibanez.cl\/web\/premio-nacional-de-medio-ambiente-destaca-el-valor-del-proyecto-respira-patagonia-para-la-recuperacion-de-la-estepa-patrimonio-natural-de-la-region\/\">Leer m\u00e1s<\/a><\/p>\n","protected":false},"author":2,"featured_media":58374,"comment_status":"closed","ping_status":"closed","sticky":false,"template":"","format":"standard","meta":{"footnotes":""},"categories":[1],"tags":[],"class_list":["post-58373","post","type-post","status-publish","format-standard","has-post-thumbnail","hentry","category-cronica"],"_links":{"self":[{"href":"https:\/\/www.radiopresidenteibanez.cl\/web\/wp-json\/wp\/v2\/posts\/58373","targetHints":{"allow":["GET"]}}],"collection":[{"href":"https:\/\/www.radiopresidenteibanez.cl\/web\/wp-json\/wp\/v2\/posts"}],"about":[{"href":"https:\/\/www.radiopresidenteibanez.cl\/web\/wp-json\/wp\/v2\/types\/post"}],"author":[{"embeddable":true,"href":"https:\/\/www.radiopresidenteibanez.cl\/web\/wp-json\/wp\/v2\/users\/2"}],"replies":[{"embeddable":true,"href":"https:\/\/www.radiopresidenteibanez.cl\/web\/wp-json\/wp\/v2\/comments?post=58373"}],"version-history":[{"count":0,"href":"https:\/\/www.radiopresidenteibanez.cl\/web\/wp-json\/wp\/v2\/posts\/58373\/revisions"}],"wp:featuredmedia":[{"embeddable":true,"href":"https:\/\/www.radiopresidenteibanez.cl\/web\/wp-json\/wp\/v2\/media\/58374"}],"wp:attachment":[{"href":"https:\/\/www.radiopresidenteibanez.cl\/web\/wp-json\/wp\/v2\/media?parent=58373"}],"wp:term":[{"taxonomy":"category","embeddable":true,"href":"https:\/\/www.radiopresidenteibanez.cl\/web\/wp-json\/wp\/v2\/categories?post=58373"},{"taxonomy":"post_tag","embeddable":true,"href":"https:\/\/www.radiopresidenteibanez.cl\/web\/wp-json\/wp\/v2\/tags?post=58373"}],"curies":[{"name":"wp","href":"https:\/\/api.w.org\/{rel}","templated":true}]}}