{"id":58370,"date":"2025-08-20T14:01:58","date_gmt":"2025-08-20T17:01:58","guid":{"rendered":"https:\/\/www.radiopresidenteibanez.cl\/web\/?p=58370"},"modified":"2025-08-20T14:02:36","modified_gmt":"2025-08-20T17:02:36","slug":"sernameg-y-prodemu-renuevan-compromiso-por-el-desarrollo-de-las-autonomias-de-las-mujeres-en-magallanes","status":"publish","type":"post","link":"https:\/\/www.radiopresidenteibanez.cl\/web\/sernameg-y-prodemu-renuevan-compromiso-por-el-desarrollo-de-las-autonomias-de-las-mujeres-en-magallanes\/","title":{"rendered":"SernamEG y Prodemu renuevan compromiso por el desarrollo de las autonom\u00edas de las mujeres en Magallanes"},"content":{"rendered":"\n<p>La Direcci\u00f3n Regional del Servicio Nacional de la Mujer y la Equidad de G\u00e9nero (SernamEG) en<br>Magallanes y la Fundaci\u00f3n para la Promoci\u00f3n y Desarrollo de la Mujer (Prodemu) renovaron su<br>convenio de colaboraci\u00f3n en la regi\u00f3n, acuerdo que por casi una d\u00e9cada ha permitido coordinar<br>esfuerzos y recursos para llegar a m\u00e1s mujeres en todo el territorio.<br>El plan de trabajo 2025 contempla ferias, encuentros y un seminario en el marco del D\u00eda Nacional<br>del Emprendimiento, adem\u00e1s de reuniones t\u00e9cnicas y mesas regionales para fortalecer la<br>coordinaci\u00f3n entre equipos ejecutores. Estos espacios permiten articular la oferta program\u00e1tica de<br>las instituciones, instruir los protocolos de derivaci\u00f3n y asegurar una cobertura m\u00e1s amplia y<br>efectiva en la regi\u00f3n y la Ant\u00e1rtica Chilena.<br>As\u00ed lo destac\u00f3 la directora regional de SernamEG en Magallanes Pamela Leiva Burgos: \u201cCon este<br>convenio reforzamos un trabajo conjunto que ya es parte de nuestra pr\u00e1ctica institucional. La<br>planificaci\u00f3n del segundo semestre contempla encuentros y un seminario de emprendimiento que<br>ser\u00e1n un aporte real para las mujeres participantes de nuestros programas y para las usuarias de<br>Prodemu\u201d.<br>El convenio tiene un car\u00e1cter complementario: mientras SernamEG orienta y ejecuta programas<br>que fortalecen la autonom\u00eda econ\u00f3mica, f\u00edsica y pol\u00edtica de las mujeres, Prodemu desarrolla<br>iniciativas que permiten llegar a sectores y territorios donde el servicio no siempre tiene presencia<br>directa, especialmente en contextos de ruralidad. Esta articulaci\u00f3n evita duplicidad de esfuerzos y<br>garantiza una respuesta integral a las necesidades de las mujeres en Magallanes.<br>\u201cEstas mesas de trabajo son la instancia perfecta para coordinar acciones complementarias y<br>llegar a m\u00e1s mujeres del territorio. Prodemu tiene la capacidad de estar presente en sectores m\u00e1s<br>apartados y con realidades diversas, y esta coordinaci\u00f3n con SernamEG nos permite responder de<br>manera m\u00e1s integral a las necesidades de las mujeres en Magallanes\u201d, destac\u00f3 la directora<br>regional de la fundaci\u00f3n, Ingrid \u00c1lvarez Jim\u00e9nez.<br>El convenio tambi\u00e9n compromete a ambas instituciones a derivar usuarias entre sus programas,<br>con especial atenci\u00f3n a los casos de violencia contra las mujeres, garantizando acceso oportuno a<br>la red de apoyo institucional.<br>Las mujeres en su diversidad que quieren acceder a la oferta program\u00e1tica de ambos servicios<br>pueden revisar los sitios web www.sernameg.gob.cl y www. prodemu.cl.<\/p>\n","protected":false},"excerpt":{"rendered":"<p>La Direcci\u00f3n Regional del Servicio Nacional de la Mujer y la Equidad de G\u00e9nero (SernamEG) enMagallanes y la Fundaci\u00f3n para la Promoci\u00f3n y Desarrollo de la Mujer (Prodemu) renovaron suconvenio&#8230; <a class=\"read-more\" href=\"https:\/\/www.radiopresidenteibanez.cl\/web\/sernameg-y-prodemu-renuevan-compromiso-por-el-desarrollo-de-las-autonomias-de-las-mujeres-en-magallanes\/\">Leer m\u00e1s<\/a><\/p>\n","protected":false},"author":2,"featured_media":58371,"comment_status":"closed","ping_status":"closed","sticky":false,"template":"","format":"standard","meta":{"footnotes":""},"categories":[1],"tags":[],"class_list":["post-58370","post","type-post","status-publish","format-standard","has-post-thumbnail","hentry","category-cronica"],"_links":{"self":[{"href":"https:\/\/www.radiopresidenteibanez.cl\/web\/wp-json\/wp\/v2\/posts\/58370","targetHints":{"allow":["GET"]}}],"collection":[{"href":"https:\/\/www.radiopresidenteibanez.cl\/web\/wp-json\/wp\/v2\/posts"}],"about":[{"href":"https:\/\/www.radiopresidenteibanez.cl\/web\/wp-json\/wp\/v2\/types\/post"}],"author":[{"embeddable":true,"href":"https:\/\/www.radiopresidenteibanez.cl\/web\/wp-json\/wp\/v2\/users\/2"}],"replies":[{"embeddable":true,"href":"https:\/\/www.radiopresidenteibanez.cl\/web\/wp-json\/wp\/v2\/comments?post=58370"}],"version-history":[{"count":0,"href":"https:\/\/www.radiopresidenteibanez.cl\/web\/wp-json\/wp\/v2\/posts\/58370\/revisions"}],"wp:featuredmedia":[{"embeddable":true,"href":"https:\/\/www.radiopresidenteibanez.cl\/web\/wp-json\/wp\/v2\/media\/58371"}],"wp:attachment":[{"href":"https:\/\/www.radiopresidenteibanez.cl\/web\/wp-json\/wp\/v2\/media?parent=58370"}],"wp:term":[{"taxonomy":"category","embeddable":true,"href":"https:\/\/www.radiopresidenteibanez.cl\/web\/wp-json\/wp\/v2\/categories?post=58370"},{"taxonomy":"post_tag","embeddable":true,"href":"https:\/\/www.radiopresidenteibanez.cl\/web\/wp-json\/wp\/v2\/tags?post=58370"}],"curies":[{"name":"wp","href":"https:\/\/api.w.org\/{rel}","templated":true}]}}