{"id":58363,"date":"2025-08-20T10:53:00","date_gmt":"2025-08-20T13:53:00","guid":{"rendered":"https:\/\/www.radiopresidenteibanez.cl\/web\/?p=58363"},"modified":"2025-08-20T10:25:00","modified_gmt":"2025-08-20T13:25:00","slug":"minvu-destaca-el-avance-de-la-ciudad-de-los-vientos-en-el-plan-urbano-habitacional-de-punta-arenas","status":"publish","type":"post","link":"https:\/\/www.radiopresidenteibanez.cl\/web\/minvu-destaca-el-avance-de-la-ciudad-de-los-vientos-en-el-plan-urbano-habitacional-de-punta-arenas\/","title":{"rendered":"Minvu destaca el avance de la \u201cCiudad de los Vientos\u201d en el Plan Urbano Habitacional de Punta Arenas"},"content":{"rendered":"\n<p>Con una visita t\u00e9cnica encabezada por el seremi de Vivienda y Urbanismo,&nbsp;<strong>Marco Uribe Saldivia<\/strong>, y el director (s) del SERVIU,&nbsp;<strong>Omar Gonz\u00e1lez Asenjo<\/strong>, junto con autoridades regionales, se verific\u00f3 en terreno los avances del proyecto habitacional \u201c<em>Ciudad de los Vientos<\/em>\u201d, correspondiente a la primera etapa del Plan Urbano Habitacional (PUH) que se desarrolla en el sector surponiente de Punta Arenas.<\/p>\n\n\n\n<p>El proyecto contempla la construcci\u00f3n de 250 soluciones habitacionales \u201430 casas y 220 departamentos\u2014 y forma parte del programa de Integraci\u00f3n Social y Territorial (DS19), con un avance f\u00edsico que bordea el 10%. La inversi\u00f3n supera los 654 mil UF (m\u00e1s de 26 mil millones de pesos), financiados con recursos del Minvu, adem\u00e1s de aportes del Gobierno Regional y las familias beneficiarias.<\/p>\n\n\n\n<p>Durante la visita, las autoridades destacaron el est\u00e1ndar constructivo de las viviendas y la infraestructura urbana que acompa\u00f1ar\u00e1 el conjunto: calles, \u00e1reas verdes, locales comerciales, equipamiento deportivo, espacios comunitarios y una planificaci\u00f3n integral que se complementar\u00e1 con servicios de salud, educaci\u00f3n, Junji y un parque urbano de 2,3 hect\u00e1reas. Todo esto bajo el enfoque del Plan de Ciudades Justas del Minvu.<\/p>\n\n\n\n<p>\u201cEl plan urbano habitacional&nbsp;<em>Ciudad de los Vientos<\/em>&nbsp;consiste en un megaproyecto que no s\u00f3lo apunta a resolver el d\u00e9ficit habitacional, sino que transforma el entorno con m\u00e1s y mejores servicios. Aqu\u00ed estamos hablando de viviendas dignas para sectores emergentes y medios, de entre 58 y 71 metros cuadrados, con calefacci\u00f3n central, buena aislaci\u00f3n y una planificaci\u00f3n territorial in\u00e9dita en la regi\u00f3n\u201d, se\u00f1al\u00f3 el seremi Marco Uribe.<\/p>\n\n\n\n<p>La obra es ejecutada por la Constructora Salfa y considera un dise\u00f1o que incorpora \u00e1reas deportivas como canchas de p\u00e1del, calistenia techada y voleibol, adem\u00e1s de espacios comerciales pensados para generar ingresos para las copropiedades de los condominios. \u201cEste proyecto, a trav\u00e9s del Plan de Ciudades Justas, es pionero en Chile. Gracias al trabajo de nuestros equipos, somos los m\u00e1s avanzados en la macrourbanizaci\u00f3n entre los 13 PUH que se est\u00e9n ejecutando en el pa\u00eds\u201d, agreg\u00f3 el director (s) del SERVIU, Omar Gonz\u00e1lez.<\/p>\n\n\n\n<p>El delegado presidencial regional, Jos\u00e9 Ruiz Pivcevic, reforz\u00f3 el car\u00e1cter integral de la iniciativa: \u201cNo se trata s\u00f3lo de construir casas. Se trata de llegar con servicios y oportunidades donde hist\u00f3ricamente han faltado. Esta es una pol\u00edtica concreta del gobierno del Presidente Gabriel Boric, que busca ciudades m\u00e1s habitables y equitativas para todos y todas\u201d.<\/p>\n\n\n\n<p>Por su parte, el gobernador Jorge Flies A\u00f1\u00f3n destac\u00f3 la magnitud del esfuerzo conjunto: \u201cEste PUH es uno de los proyectos m\u00e1s ambiciosos e integrales del Minvu en Magallanes. Aporta la entrega viviendas de calidad, pero tambi\u00e9n genera barrios completos, con un alto grado de integraci\u00f3n social, urbana y territorial\u201d.<\/p>\n\n\n\n<p><strong>Adscripci\u00f3n en septiembre<\/strong><\/p>\n\n\n\n<p>Una vez que el proyecto supere oficialmente el 10% de avance, se abrir\u00e1 el proceso de adscripci\u00f3n. Este permitir\u00e1 que personas con subsidio para sectores medios (DS1) vigente, puedan postular para comprar una de las 2450 viviendas. \u201cHicimos un levantamiento y hay familias con subsidio desde hace m\u00e1s de 5 a\u00f1os que no han podido aplicarlo. Este proyecto viene a darles esa oportunidad y a entregar justicia social\u201d, explic\u00f3 el seremi.<\/p>\n\n\n\n<p>Las viviendas est\u00e1n destinadas para familias de distintos tramos del DS1, con precios que est\u00e1n entre 2.200 y 3.000 UF, seg\u00fan la tipolog\u00eda. En los casos que requieren cr\u00e9dito hipotecario, el dividendo estimado estar\u00e1 entre los 230 mil pesos y 400 mil pesos.<\/p>\n\n\n\n<p>Este nuevo conjunto se suma al avance del Plan de Emergencia Habitacional en la regi\u00f3n, que a la fecha registra m\u00e1s de 3.000 viviendas entregadas y 2.400 en ejecuci\u00f3n, en las cuatro provincias de Magallanes.<\/p>\n","protected":false},"excerpt":{"rendered":"<p>Con una visita t\u00e9cnica encabezada por el seremi de Vivienda y Urbanismo,&nbsp;Marco Uribe Saldivia, y el director (s) del SERVIU,&nbsp;Omar Gonz\u00e1lez Asenjo, junto con autoridades regionales, se verific\u00f3 en terreno&#8230; <a class=\"read-more\" href=\"https:\/\/www.radiopresidenteibanez.cl\/web\/minvu-destaca-el-avance-de-la-ciudad-de-los-vientos-en-el-plan-urbano-habitacional-de-punta-arenas\/\">Leer m\u00e1s<\/a><\/p>\n","protected":false},"author":2,"featured_media":58364,"comment_status":"closed","ping_status":"closed","sticky":false,"template":"","format":"standard","meta":{"footnotes":""},"categories":[1],"tags":[],"class_list":["post-58363","post","type-post","status-publish","format-standard","has-post-thumbnail","hentry","category-cronica"],"_links":{"self":[{"href":"https:\/\/www.radiopresidenteibanez.cl\/web\/wp-json\/wp\/v2\/posts\/58363","targetHints":{"allow":["GET"]}}],"collection":[{"href":"https:\/\/www.radiopresidenteibanez.cl\/web\/wp-json\/wp\/v2\/posts"}],"about":[{"href":"https:\/\/www.radiopresidenteibanez.cl\/web\/wp-json\/wp\/v2\/types\/post"}],"author":[{"embeddable":true,"href":"https:\/\/www.radiopresidenteibanez.cl\/web\/wp-json\/wp\/v2\/users\/2"}],"replies":[{"embeddable":true,"href":"https:\/\/www.radiopresidenteibanez.cl\/web\/wp-json\/wp\/v2\/comments?post=58363"}],"version-history":[{"count":0,"href":"https:\/\/www.radiopresidenteibanez.cl\/web\/wp-json\/wp\/v2\/posts\/58363\/revisions"}],"wp:featuredmedia":[{"embeddable":true,"href":"https:\/\/www.radiopresidenteibanez.cl\/web\/wp-json\/wp\/v2\/media\/58364"}],"wp:attachment":[{"href":"https:\/\/www.radiopresidenteibanez.cl\/web\/wp-json\/wp\/v2\/media?parent=58363"}],"wp:term":[{"taxonomy":"category","embeddable":true,"href":"https:\/\/www.radiopresidenteibanez.cl\/web\/wp-json\/wp\/v2\/categories?post=58363"},{"taxonomy":"post_tag","embeddable":true,"href":"https:\/\/www.radiopresidenteibanez.cl\/web\/wp-json\/wp\/v2\/tags?post=58363"}],"curies":[{"name":"wp","href":"https:\/\/api.w.org\/{rel}","templated":true}]}}