{"id":58357,"date":"2025-08-20T08:56:00","date_gmt":"2025-08-20T11:56:00","guid":{"rendered":"https:\/\/www.radiopresidenteibanez.cl\/web\/?p=58357"},"modified":"2025-08-20T08:47:50","modified_gmt":"2025-08-20T11:47:50","slug":"boletin-informativo-orbe-60","status":"publish","type":"post","link":"https:\/\/www.radiopresidenteibanez.cl\/web\/boletin-informativo-orbe-60\/","title":{"rendered":"BOLETIN INFORMATIVO ORBE"},"content":{"rendered":"\n<p>SANTIAGO.- La candidata de Chile Vamos, Dem\u00f3cratas y<br>Amarillos, Evelyn Matthei, emplaz\u00f3 a la carta del<br>oficialismo, Jeannette Jara, a aclarar si est\u00e1 por \u00abproteger\u00bb<br>a personas \u00aben la mira de la justicia\u00bb. Esto tras la<br>inclusi\u00f3n de Daniel Jadue, entre los candidatos<br>parlamentarios del oficialismo.<\/p>\n\n\n\n<p>SANTIAGO.- A trav\u00e9s de su cuenta de X, Matthei sostuvo que<br>\u00abel Partido Comunista levante a Daniel Jadue, que est\u00e1<br>imputado por corrupci\u00f3n y est\u00e1 con arresto domiciliario, es<br>una burla para todos los chilenos honestos\u00bb. A su juicio,<br>\u00abJeanette Jara debe aclarar si su proyecto est\u00e1 el proteger a<br>este tipo de personas que est\u00e1n en la mira de la justicia\u00bb.<br>\u00abChile necesita l\u00edderes limpias y no operadores pol\u00edticos con<br>prontuario\u00bb, remat\u00f3.<\/p>\n\n\n\n<p>VALPARAISO.- La candidata presidencial del oficialismo,<br>Jeannette Jara, abord\u00f3 la omisi\u00f3n de la despenalizaci\u00f3n del<br>aborto en las l\u00edneas program\u00e1ticas que lanz\u00f3, negando que la<br>pol\u00edtica haya estado contemplada en su programa de primaria.<br>Al respecto, dijo que \u00absobre el tema del aborto legal, lo que<br>pasa es que ni en el programa de las primarias ni ahora se<br>abord\u00f3, pero eso no significa que no sea un tema que hoy d\u00eda<br>no est\u00e1 en discusi\u00f3n\u00bb, dijo en Radio Festival.<\/p>\n\n\n\n<p>VALPARAISO.- Sin embargo, luego de haber negado la<br>incorporaci\u00f3n de la propuesta de aborto libre en su programa<br>de primaria, la candidata presidencial del oficialismo,<br>Jeannette Jara, rectific\u00f3 sus dichos. En su cuenta de X, la<br>abanderada reconoci\u00f3 el traspi\u00e9. \u00abQuiero aclarar: En Radio<br>Festival se\u00f1al\u00e9 que el aborto no estaba en el programa de<br>primarias. Rectifico, el programa anterior s\u00ed lo inclu\u00eda.<br>Lamento la imprecisi\u00f3n\u00bb.<\/p>\n\n\n\n<p>VALPARAISO.- Previamente, la abanderada presidencial del<br>oficialismo y la DC, Jeannette Jara, abord\u00f3 la candidatura de<br>su correligionario del Partido Comunista, Daniel Jadue, como<br>diputado. Al respecto, dijo que \u00ablos partidos lo definieron y<br>yo hubiese preferido que se hubiera dedicado a su defensa<br>judicial. Esta conversaci\u00f3n la llevaron los partidos, tambi\u00e9n<br>ah\u00ed se definieron los candidatos. Mi candidatura es estar con<br>los problemas de la gente m\u00e1s que con los problemas los<br>partidos\u00bb, se\u00f1al\u00f3.<\/p>\n\n\n\n<p>VALPARAISO.- En ese sentido, la candidata manifest\u00f3 su<br>descontento con las dos listas parlamentarias. \u00abCuando uno es<br>candidata, uno habr\u00eda preferido que fuese una sola lista, yo<br>as\u00ed tambi\u00e9n lo dije. Pero el tema es que yo no soy candidata<br>de un solo partido. Hay nueve partidos\u00bb, se\u00f1al\u00f3.<\/p>\n\n\n\n<p>SANTIAGO.- El diputado de la Democracia Cristiana, DC, y<br>miembro del comando presidencial de Jeannette Jara, Eric<br>Aedo, cuestion\u00f3 la inscripci\u00f3n del exalcalde de Recoleta,<br>Daniel Jadue, como candidato a la C\u00e1mara de Diputados por el<br>Partido Comunista. Jadue se encuentra con arresto<br>domiciliario por el caso farmacias. La fiscal\u00eda le imputa<br>delitos de fraude al fisco y pide 18 a\u00f1os de prisi\u00f3n.<\/p>\n\n\n\n<p>SANTIAGO.-Aedo asegur\u00f3 que \u00ablo que transmitimos los partidos<br>cuando inscribimos a personas que tienen una complejidad<br>judicial es una mala se\u00f1al\u00bb. Y de paso, agreg\u00f3 que \u00ablos<br>partidos tenemos que tener una mayor responsabilidad respecto<br>a las personas que llevamos y eso vale para Chile Vamos, la<br>DC o el PC\u00bb. \u00abLa candidatura de Jadue va a ser controversial,<br>va a generar ruido, y el Partido Comunista va a tener que<br>hacerse cargo\u00bb, a\u00f1adi\u00f3.<\/p>\n","protected":false},"excerpt":{"rendered":"<p>SANTIAGO.- La candidata de Chile Vamos, Dem\u00f3cratas yAmarillos, Evelyn Matthei, emplaz\u00f3 a la carta deloficialismo, Jeannette Jara, a aclarar si est\u00e1 por \u00abproteger\u00bba personas \u00aben la mira de la justicia\u00bb&#8230;. <a class=\"read-more\" href=\"https:\/\/www.radiopresidenteibanez.cl\/web\/boletin-informativo-orbe-60\/\">Leer m\u00e1s<\/a><\/p>\n","protected":false},"author":2,"featured_media":58358,"comment_status":"closed","ping_status":"closed","sticky":false,"template":"","format":"standard","meta":{"footnotes":""},"categories":[1],"tags":[],"class_list":["post-58357","post","type-post","status-publish","format-standard","has-post-thumbnail","hentry","category-cronica"],"_links":{"self":[{"href":"https:\/\/www.radiopresidenteibanez.cl\/web\/wp-json\/wp\/v2\/posts\/58357","targetHints":{"allow":["GET"]}}],"collection":[{"href":"https:\/\/www.radiopresidenteibanez.cl\/web\/wp-json\/wp\/v2\/posts"}],"about":[{"href":"https:\/\/www.radiopresidenteibanez.cl\/web\/wp-json\/wp\/v2\/types\/post"}],"author":[{"embeddable":true,"href":"https:\/\/www.radiopresidenteibanez.cl\/web\/wp-json\/wp\/v2\/users\/2"}],"replies":[{"embeddable":true,"href":"https:\/\/www.radiopresidenteibanez.cl\/web\/wp-json\/wp\/v2\/comments?post=58357"}],"version-history":[{"count":0,"href":"https:\/\/www.radiopresidenteibanez.cl\/web\/wp-json\/wp\/v2\/posts\/58357\/revisions"}],"wp:featuredmedia":[{"embeddable":true,"href":"https:\/\/www.radiopresidenteibanez.cl\/web\/wp-json\/wp\/v2\/media\/58358"}],"wp:attachment":[{"href":"https:\/\/www.radiopresidenteibanez.cl\/web\/wp-json\/wp\/v2\/media?parent=58357"}],"wp:term":[{"taxonomy":"category","embeddable":true,"href":"https:\/\/www.radiopresidenteibanez.cl\/web\/wp-json\/wp\/v2\/categories?post=58357"},{"taxonomy":"post_tag","embeddable":true,"href":"https:\/\/www.radiopresidenteibanez.cl\/web\/wp-json\/wp\/v2\/tags?post=58357"}],"curies":[{"name":"wp","href":"https:\/\/api.w.org\/{rel}","templated":true}]}}