{"id":58350,"date":"2025-08-19T18:19:00","date_gmt":"2025-08-19T21:19:00","guid":{"rendered":"https:\/\/www.radiopresidenteibanez.cl\/web\/?p=58350"},"modified":"2025-08-19T11:51:00","modified_gmt":"2025-08-19T14:51:00","slug":"historica-inversion-en-infraestructura-en-la-escuela-croacia-permite-el-retorno-a-la-jornada-completa","status":"publish","type":"post","link":"https:\/\/www.radiopresidenteibanez.cl\/web\/historica-inversion-en-infraestructura-en-la-escuela-croacia-permite-el-retorno-a-la-jornada-completa\/","title":{"rendered":"Hist\u00f3rica inversi\u00f3n en infraestructura en la Escuela Croacia permite el retorno a la jornada completa"},"content":{"rendered":"\n<p>el delegado presidencial regional, Jos\u00e9 Ruiz Pivcevic; el seremi de Educaci\u00f3n, Valent\u00edn Aguilera G\u00f3mez; el seremi de Gobierno, Andro Mimica Guerrero; y el director ejecutivo del Servicio Local de Educaci\u00f3n P\u00fablica, Jorge Vald\u00e9s Or\u00f3stica; visitaron, junto a su directora, Cecilia Qui\u00f1ones \u00c1lvarez, las obras de mejoramiento en la Escuela Rep\u00fablica de Croacia, avaluadas en $ 299.114.988.<\/p>\n\n\n\n<p>El proyecto de Conservaci\u00f3n financiado por la Direcci\u00f3n de Educaci\u00f3n P\u00fablica y ejecutado por el SLEP Magallanes, desde el mes de junio, ha permitido el retorno a la jornada completa de sus 454 alumnos, que cursan desde&nbsp;pre kinder a 8\u00b0 a\u00f1o b\u00e1sico,&nbsp;antes de lo previsto.<\/p>\n\n\n\n<p>\u201cNunca se hab\u00edan hecho obras de esta magnitud en la historia de este establecimiento, casi a 70 a\u00f1os de su construcci\u00f3n. Hoy volvemos&nbsp;a la jornada completa. Una escuela que los ni\u00f1os ven que qued\u00f3 hermosa, iluminada, colorida. Han estado muy contentos,&nbsp;tuvieron acceso ya desde hoy al patio tambi\u00e9n, as\u00ed que ha sido un d\u00eda especial para todos porque nos llena alegr\u00eda a toda la comunidad y tambi\u00e9n a las familias que tuvieron que hacer esfuerzos para acomodarse a las situaciones que estuvimos enfrentando, pero siempre con el bien entendido que era en beneficio de los estudiantes que pasan gran parte del d\u00eda dentro de nuestra escuela\u201d,&nbsp;expres\u00f3 su directora, Cecilia Qui\u00f1ones \u00c1lvarez.<\/p>\n\n\n\n<p>Al ser consultado, por las obras de infraestructura en su escuela, el estudiante del 5\u00b0B, Emiliano Hern\u00e1ndez, dijo estar \u201cmuy contento. Me ha parecido bien porque han mejorado muchas cosas que no estaban antes y me gustaron los cambios, el cambio de las puertas. Porque antes hab\u00eda muchas cosas que estaban como rotas, pero ahora ya no y sirven mucho\u201d.<\/p>\n\n\n\n<p>Dentro de las principales obras realizadas destacan: el&nbsp;reemplazo de 760 m2 de baldosa y fl\u00e9xit en todos los pasillos y el comedor por porcelanato,&nbsp;el cambio&nbsp;de 36 ventanas dobles de madera (ubicadas en los pasillos que colindan con patio interior) por ventanas de PVC con vidrio termopanel.&nbsp;Y la sustituci\u00f3n&nbsp;de 109 equipos fluorescentes, por dispositivos LED de alta eficiencia. Adem\u00e1s, fueron pintados 2.153 m2 de cubierta, se renovaron 458 ml de canales de aguas lluvias y 237 ml de bajadas de aguas lluvia de PVC de 75 mm.<\/p>\n\n\n\n<p>Cabe se\u00f1alar que este proyecto de Conservaci\u00f3n, que tiene como fecha de t\u00e9rmino el mes de octubre de este a\u00f1o, se encuentra en su etapa final donde solo resta el cambio de algunas puertas de las salas de clases, las cuales est\u00e1n construidas de madera de lenga, y parte de la pintura en la fachada exterior que tiene un 90% de avance.<\/p>\n\n\n\n<p>El delegado presidencial de Magallanes y de la Ant\u00e1rtica Chilena, Jos\u00e9 Ruiz Pivcevic, afirm\u00f3 que \u201cestamos haciendo una visita a la Escuela Croacia, despu\u00e9s de una inversi\u00f3n cercana a los 300 millones de pesos que mejor\u00f3 un recambio de piso, techo, pintura, ventanas, la iluminaci\u00f3n y en palabras de las y los estudiantes se not\u00f3 el cambio, harta luminosidad. Cuando hablamos de fortalecer la educaci\u00f3n p\u00fablica y la preocupaci\u00f3n que tenemos como gobierno del Presidente Gabriel Boric, se tiene que materializar en proyectos como estos\u201d.<\/p>\n\n\n\n<p>Por su parte, el seremi de Educaci\u00f3n, Valent\u00edn Aguilera G\u00f3mez, indic\u00f3 que \u201cestamos muy contentos porque hoy d\u00eda ya los estudiantes de la Escuela Rep\u00fablica de Croacia, del Servicio Local de Educaci\u00f3n P\u00fablica, est\u00e1n plenamente integrados a la jornada escolar completa. Lo hemos conversado con la directora, lo ha mencionado el delegado. Ac\u00e1 ha existido una muy buena coordinaci\u00f3n con la empresa que ha podido avanzar en la gran mayor\u00eda de las obras, que impactan positivamente en lo que es el trabajo de la comunidad educativa, de los docentes, de los estudiantes. Vemos los espacios m\u00e1s luminosos y eso efectivamente tambi\u00e9n ayuda a todo el trabajo que se realiza ac\u00e1 en la escuela\u201d.<\/p>\n\n\n\n<p>El seremi de Gobierno, Andro Mimica Guerrero, se\u00f1al\u00f3 que \u201cestamos&nbsp;frente a un compromiso que hab\u00edamos tomado como gobierno cuando asumimos la educaci\u00f3n p\u00fablica a trav\u00e9s del Servicio Local, de poder ir normalizando las distintas escuelas y hacer los cambios estructurales. Lo que hoy d\u00eda vemos en la Escuela Croacia, favorece a m\u00e1s de 450 ni\u00f1os y a m\u00e1s de 450 familias que hoy d\u00eda se est\u00e1n viendo favorecidas dentro de un espacio de seguridad que nosotros esperamos que as\u00ed sea en cada una de las escuelas\u201d.<\/p>\n\n\n\n<p>El director ejecutivo(s) del SLEP Magallanes, Jorge Vald\u00e9s Or\u00f3stica, inform\u00f3 que \u201cel&nbsp;porcentaje de avance en la escuela es mayor al 90% y hoy en d\u00eda esta inversi\u00f3n es parte de lo que establece tambi\u00e9n la Estrategia Nacional de Educaci\u00f3n P\u00fablica dentro de sus ejes, que tiene que ver con la infraestructura escolar.&nbsp;&nbsp;Creo que es muy importante relevar el hecho de que la cartera de proyectos del subt\u00edtulo 31 que tiene el Servicio Local de Educaci\u00f3n P\u00fablica va justamente en v\u00edas de solucionar tem\u00e1ticas comprendidas dentro de lo que es la infraestructura escolar. Por lo tanto, estamos muy contentos del avance que tiene ac\u00e1 la Escuela Croacia y tambi\u00e9n de que podamos seguir avanzando en los proyectos que ten\u00edamos contemplados para el a\u00f1o 2025\u201d.&nbsp;<\/p>\n","protected":false},"excerpt":{"rendered":"<p>el delegado presidencial regional, Jos\u00e9 Ruiz Pivcevic; el seremi de Educaci\u00f3n, Valent\u00edn Aguilera G\u00f3mez; el seremi de Gobierno, Andro Mimica Guerrero; y el director ejecutivo del Servicio Local de Educaci\u00f3n&#8230; <a class=\"read-more\" href=\"https:\/\/www.radiopresidenteibanez.cl\/web\/historica-inversion-en-infraestructura-en-la-escuela-croacia-permite-el-retorno-a-la-jornada-completa\/\">Leer m\u00e1s<\/a><\/p>\n","protected":false},"author":2,"featured_media":58351,"comment_status":"closed","ping_status":"closed","sticky":false,"template":"","format":"standard","meta":{"footnotes":""},"categories":[1],"tags":[],"class_list":["post-58350","post","type-post","status-publish","format-standard","has-post-thumbnail","hentry","category-cronica"],"_links":{"self":[{"href":"https:\/\/www.radiopresidenteibanez.cl\/web\/wp-json\/wp\/v2\/posts\/58350","targetHints":{"allow":["GET"]}}],"collection":[{"href":"https:\/\/www.radiopresidenteibanez.cl\/web\/wp-json\/wp\/v2\/posts"}],"about":[{"href":"https:\/\/www.radiopresidenteibanez.cl\/web\/wp-json\/wp\/v2\/types\/post"}],"author":[{"embeddable":true,"href":"https:\/\/www.radiopresidenteibanez.cl\/web\/wp-json\/wp\/v2\/users\/2"}],"replies":[{"embeddable":true,"href":"https:\/\/www.radiopresidenteibanez.cl\/web\/wp-json\/wp\/v2\/comments?post=58350"}],"version-history":[{"count":0,"href":"https:\/\/www.radiopresidenteibanez.cl\/web\/wp-json\/wp\/v2\/posts\/58350\/revisions"}],"wp:featuredmedia":[{"embeddable":true,"href":"https:\/\/www.radiopresidenteibanez.cl\/web\/wp-json\/wp\/v2\/media\/58351"}],"wp:attachment":[{"href":"https:\/\/www.radiopresidenteibanez.cl\/web\/wp-json\/wp\/v2\/media?parent=58350"}],"wp:term":[{"taxonomy":"category","embeddable":true,"href":"https:\/\/www.radiopresidenteibanez.cl\/web\/wp-json\/wp\/v2\/categories?post=58350"},{"taxonomy":"post_tag","embeddable":true,"href":"https:\/\/www.radiopresidenteibanez.cl\/web\/wp-json\/wp\/v2\/tags?post=58350"}],"curies":[{"name":"wp","href":"https:\/\/api.w.org\/{rel}","templated":true}]}}