{"id":58347,"date":"2025-08-19T16:13:00","date_gmt":"2025-08-19T19:13:00","guid":{"rendered":"https:\/\/www.radiopresidenteibanez.cl\/web\/?p=58347"},"modified":"2025-08-19T11:44:10","modified_gmt":"2025-08-19T14:44:10","slug":"seremi-minvu-reafirma-continuidad-de-politica-habitacional-y-valora-anuncio-de-proyecto-de-ley-que-extenderia-el-plan-de-emergencia-habitacional","status":"publish","type":"post","link":"https:\/\/www.radiopresidenteibanez.cl\/web\/seremi-minvu-reafirma-continuidad-de-politica-habitacional-y-valora-anuncio-de-proyecto-de-ley-que-extenderia-el-plan-de-emergencia-habitacional\/","title":{"rendered":"SEREMI MINVU REAFIRMA CONTINUIDAD DE POLITICA HABITACIONAL Y VALORA ANUNCIO DE PROYECTO DE LEY QUE EXTENDERIA EL PLAN DE EMERGENCIA HABITACIONAL"},"content":{"rendered":"\n<p>Tras el anuncio efectuado a fines de julio en la Cuenta P\u00fablica Regional, de 4.500 viviendas a entregar llave en mano durante el Gobierno del Presidente Gabriel Boric Font gracias al Plan de Emergencia Habitacional, el Seremi de Vivienda y Urbanismo Marco Uribe Saldivia, se\u00f1al\u00f3 que estas buenas cifras se ver\u00e1n reforzadas de concretarse la continuidad del Plan y lament\u00f3 que surjan voces que intentan desvirtuar los datos oficiales en un a\u00f1o electoral.<\/p>\n\n\n\n<p>\u201cEl 2021 se generaron llamados p\u00fablicos a inscribirse en listados y conformar agrupaciones, sin que a la par se desarrollaran proyectos para estos nuevos grupos, lo que gener\u00f3 falsas expectativas y confusi\u00f3n en personas que actuaron de buena fe, por lo que, en este nuevo a\u00f1o electoral, llamamos a no confundir con este tipo de acciones\u201d, indic\u00f3 el Seremi Marco Uribe Saldivia.<\/p>\n\n\n\n<p>La autoridad del Minvu, valor\u00f3 el anuncio realizado por el Ministro de la cartera, Carlos Montes Cisternas, en su Cuenta P\u00fablica Nacional, donde adelant\u00f3 que se presentar\u00e1 un proyecto de ley al Congreso Nacional para renovar el Plan de Emergencia Habitacional y extender su vigencia por 4 a\u00f1os m\u00e1s, lo que dar\u00e1 certezas a las familias de sectores medios y vulnerables que requieren soluci\u00f3n habitacional.<\/p>\n\n\n\n<p><strong>Descentralizaci\u00f3n y trabajo colaborativo<\/strong><strong><\/strong><\/p>\n\n\n\n<p>En el actual Gobierno, el Ministerio de Vivienda y Urbanismo en la Regi\u00f3n de Magallanes y de la Ant\u00e1rtica Chilena cuenta con 53 proyectos habitacionales, de los cu\u00e1les ha entregado 31 y otros 22 se encuentran en ejecuci\u00f3n. De los 31 proyectos entregados, 5 proyectos se iniciaron en el Gobierno de Michelle Bachelet y 7 en el Gobierno de Sebasti\u00e1n Pi\u00f1era.<\/p>\n\n\n\n<p>\u201cA fines de julio, dimos Cuenta P\u00fablica a la ciudadan\u00eda, junto al Director Regional(S) del Serviu Omar Gonz\u00e1lez Asenjo, del enorme trabajo llevado adelante por los equipos de ambas reparticiones, enfocados en concretar cada uno de los pasos que conlleva nuestra funci\u00f3n p\u00fablica y sin distinguir en qu\u00e9 Gobierno se conforma una agrupaci\u00f3n, o en cu\u00e1l se le asigna un subsidio o se lleva a delante su construcci\u00f3n, sino en avanzar con prontitud seg\u00fan lo establece la normativa y as\u00ed dar soluci\u00f3n definitiva a las familias con carencia habitacional\u201d, destac\u00f3 Uribe.<\/p>\n\n\n\n<p>En cuanto a la descentralizaci\u00f3n alcanzada gracias al Primer Llamado Regional del Programa de Habitabilidad Rural (D.S.N\u00b010), las herramientas otorgadas por el Plan de Emergencia Habitacional y el aporte complementario del Gobierno Regional, el Seremi Uribe valor\u00f3 \u201cLos Municipios tienen un rol clave en la identificaci\u00f3n de las familias con carencia habitacional como lo han demostrado las autoridades de Torres del Paine, Laguna Blanca, Primavera, Porvenir, Timaukel y Cabo de Hornos\u201d.<\/p>\n\n\n\n<p>As\u00ed mismo, la autoridad precis\u00f3 \u201cUna responsabilidad diferente que pueden asumir los Municipios es actuar como Entidad Patrocinante desarrollando proyectos habitacionales, para lo cual rige la misma normativa tanto si se trata de entidades privadas como municipales\u201d. En la Regi\u00f3n, los \u00faltimos proyectos desarrollados por Entidades Patrocinantes Municipales fueron \u201cLas Flores\u201d en Punta Arenas el a\u00f1o 2016 y Lomas del Baquedano el a\u00f1o 2021 en Porvenir.&nbsp;<\/p>\n\n\n\n<p>\u201cLa mayor\u00eda de los Municipios han sido nuestros socios estrat\u00e9gicos para llegar a los habitantes de zonas apartadas de nuestra Regi\u00f3n cuya demanda habitacional no se hab\u00eda resuelto. En las cabeceras provinciales, en tanto, como es el caso de Punta Arenas, llamamos a las autoridades comunales a impulsar con fuerza la actualizaci\u00f3n de los Planes Reguladores Comunales, materia que les compete plenamente y que abre nuevas posibilidades al uso de suelo para fines habitacionales\u201d, indic\u00f3 Uribe.<\/p>\n\n\n\n<p>Lo anterior, contribuir\u00eda con nuevo suelo apto para el desarrollo urbano habitacional, sum\u00e1ndose a las 18 hect\u00e1reas adquiridas en la capital regional en el presente Gobierno.<\/p>\n\n\n\n<figure class=\"wp-block-table\"><table class=\"has-fixed-layout\"><tbody><tr><td><\/td><\/tr><\/tbody><\/table><\/figure>\n","protected":false},"excerpt":{"rendered":"<p>Tras el anuncio efectuado a fines de julio en la Cuenta P\u00fablica Regional, de 4.500 viviendas a entregar llave en mano durante el Gobierno del Presidente Gabriel Boric Font gracias&#8230; <a class=\"read-more\" href=\"https:\/\/www.radiopresidenteibanez.cl\/web\/seremi-minvu-reafirma-continuidad-de-politica-habitacional-y-valora-anuncio-de-proyecto-de-ley-que-extenderia-el-plan-de-emergencia-habitacional\/\">Leer m\u00e1s<\/a><\/p>\n","protected":false},"author":2,"featured_media":58348,"comment_status":"closed","ping_status":"closed","sticky":false,"template":"","format":"standard","meta":{"footnotes":""},"categories":[1],"tags":[],"class_list":["post-58347","post","type-post","status-publish","format-standard","has-post-thumbnail","hentry","category-cronica"],"_links":{"self":[{"href":"https:\/\/www.radiopresidenteibanez.cl\/web\/wp-json\/wp\/v2\/posts\/58347","targetHints":{"allow":["GET"]}}],"collection":[{"href":"https:\/\/www.radiopresidenteibanez.cl\/web\/wp-json\/wp\/v2\/posts"}],"about":[{"href":"https:\/\/www.radiopresidenteibanez.cl\/web\/wp-json\/wp\/v2\/types\/post"}],"author":[{"embeddable":true,"href":"https:\/\/www.radiopresidenteibanez.cl\/web\/wp-json\/wp\/v2\/users\/2"}],"replies":[{"embeddable":true,"href":"https:\/\/www.radiopresidenteibanez.cl\/web\/wp-json\/wp\/v2\/comments?post=58347"}],"version-history":[{"count":0,"href":"https:\/\/www.radiopresidenteibanez.cl\/web\/wp-json\/wp\/v2\/posts\/58347\/revisions"}],"wp:featuredmedia":[{"embeddable":true,"href":"https:\/\/www.radiopresidenteibanez.cl\/web\/wp-json\/wp\/v2\/media\/58348"}],"wp:attachment":[{"href":"https:\/\/www.radiopresidenteibanez.cl\/web\/wp-json\/wp\/v2\/media?parent=58347"}],"wp:term":[{"taxonomy":"category","embeddable":true,"href":"https:\/\/www.radiopresidenteibanez.cl\/web\/wp-json\/wp\/v2\/categories?post=58347"},{"taxonomy":"post_tag","embeddable":true,"href":"https:\/\/www.radiopresidenteibanez.cl\/web\/wp-json\/wp\/v2\/tags?post=58347"}],"curies":[{"name":"wp","href":"https:\/\/api.w.org\/{rel}","templated":true}]}}