{"id":58344,"date":"2025-08-19T14:39:00","date_gmt":"2025-08-19T17:39:00","guid":{"rendered":"https:\/\/www.radiopresidenteibanez.cl\/web\/?p=58344"},"modified":"2025-08-19T11:37:39","modified_gmt":"2025-08-19T14:37:39","slug":"seremi-de-energia-de-magallanes-invita-a-trabajadores-con-experiencia-en-el-oficio-a-certificarse-como-instalador-electrico-clase-d","status":"publish","type":"post","link":"https:\/\/www.radiopresidenteibanez.cl\/web\/seremi-de-energia-de-magallanes-invita-a-trabajadores-con-experiencia-en-el-oficio-a-certificarse-como-instalador-electrico-clase-d\/","title":{"rendered":"Seremi de Energ\u00eda de Magallanes invita a trabajadores con experiencia en el oficio a certificarse como Instalador El\u00e9ctrico Clase D"},"content":{"rendered":"\n<p>El pr\u00f3ximo 01 de septiembre comenzar\u00e1 un nuevo proceso de evaluaci\u00f3n de competencias laborales para personas que se han desempe\u00f1ado en el rubro el\u00e9ctrico, y cuyo fin buscar acreditar a los interesados como Instaladores El\u00e9ctricos Clase D, seg\u00fan inform\u00f3 esta ma\u00f1ana el Seremi de Energ\u00eda de Magallanes, Sergio Cuiti\u00f1o.<\/p>\n\n\n\n<p>La instancia, financiada por el Servicio Nacional de Capacitaci\u00f3n y Empleo (SENCE) y ejecutada por la Universidad Cat\u00f3lica de Temuco, realizar\u00e1 el reclutamiento de los postulantes este mi\u00e9rcoles 20 de agosto a partir de las 08:30 horas en&nbsp;<a>la Corporaci\u00f3n Manos de Hermanos, ubicada en&nbsp;<\/a>Cirujano Videla 34. &nbsp;&nbsp;<\/p>\n\n\n\n<p><strong>EL PROCESO<\/strong><\/p>\n\n\n\n<p>De acuerdo con la autoridad regional de Energ\u00eda de Magallanes, el proceso de evaluaci\u00f3n y certificaci\u00f3n consiste en el reconocimiento formal de las competencias laborales de personas que no cuentan con un certificado o t\u00edtulo que las reconozca.<\/p>\n\n\n\n<p>La Certificaci\u00f3n de Competencias Laborales se materializar\u00e1 con un certificado luego de que el candidato haya demostrado cumplir con todos los est\u00e1ndares de desempe\u00f1o contenidos y solicitados por el perfil ocupacional espec\u00edfico y que tengan relaci\u00f3n con las competencias definidas por el sector econ\u00f3mico validado por ChileValora, \u201clo que viene a dar un reconocimiento formal a los conocimientos y competencias del candidato, independiente de c\u00f3mo \u00e9ste las haya obtenido\u201d, sostuvo el Seremi Cuiti\u00f1o. &nbsp;<\/p>\n\n\n\n<p>El proceso ser\u00e1 realizado por un Centro acreditado por ChileValora, (en este caso, uno dependiente de la Universidad Cat\u00f3lica de Temuco), mediante la aplicaci\u00f3n de instrumentos estandarizados que permitan evidenciar las capacidades de una persona en el desempe\u00f1o de una actividad y\/o funci\u00f3n laboral determinada, con base a un est\u00e1ndar definido con el sector productivo.<\/p>\n\n\n\n<p>\u201cEsto es importante para la regi\u00f3n y para el sector energ\u00e9tico de Magallanes; pues dada la penetraci\u00f3n de las fuentes de energ\u00edas renovables y el desarrollo de la industria del hidr\u00f3geno verde, dicho perfil laboral es y ser\u00e1 uno de los m\u00e1s demandados en los pr\u00f3ximos a\u00f1os\u201d, remarc\u00f3 Cuiti\u00f1o. &nbsp;<\/p>\n","protected":false},"excerpt":{"rendered":"<p>El pr\u00f3ximo 01 de septiembre comenzar\u00e1 un nuevo proceso de evaluaci\u00f3n de competencias laborales para personas que se han desempe\u00f1ado en el rubro el\u00e9ctrico, y cuyo fin buscar acreditar a&#8230; <a class=\"read-more\" href=\"https:\/\/www.radiopresidenteibanez.cl\/web\/seremi-de-energia-de-magallanes-invita-a-trabajadores-con-experiencia-en-el-oficio-a-certificarse-como-instalador-electrico-clase-d\/\">Leer m\u00e1s<\/a><\/p>\n","protected":false},"author":2,"featured_media":58345,"comment_status":"closed","ping_status":"closed","sticky":false,"template":"","format":"standard","meta":{"footnotes":""},"categories":[1],"tags":[],"class_list":["post-58344","post","type-post","status-publish","format-standard","has-post-thumbnail","hentry","category-cronica"],"_links":{"self":[{"href":"https:\/\/www.radiopresidenteibanez.cl\/web\/wp-json\/wp\/v2\/posts\/58344","targetHints":{"allow":["GET"]}}],"collection":[{"href":"https:\/\/www.radiopresidenteibanez.cl\/web\/wp-json\/wp\/v2\/posts"}],"about":[{"href":"https:\/\/www.radiopresidenteibanez.cl\/web\/wp-json\/wp\/v2\/types\/post"}],"author":[{"embeddable":true,"href":"https:\/\/www.radiopresidenteibanez.cl\/web\/wp-json\/wp\/v2\/users\/2"}],"replies":[{"embeddable":true,"href":"https:\/\/www.radiopresidenteibanez.cl\/web\/wp-json\/wp\/v2\/comments?post=58344"}],"version-history":[{"count":0,"href":"https:\/\/www.radiopresidenteibanez.cl\/web\/wp-json\/wp\/v2\/posts\/58344\/revisions"}],"wp:featuredmedia":[{"embeddable":true,"href":"https:\/\/www.radiopresidenteibanez.cl\/web\/wp-json\/wp\/v2\/media\/58345"}],"wp:attachment":[{"href":"https:\/\/www.radiopresidenteibanez.cl\/web\/wp-json\/wp\/v2\/media?parent=58344"}],"wp:term":[{"taxonomy":"category","embeddable":true,"href":"https:\/\/www.radiopresidenteibanez.cl\/web\/wp-json\/wp\/v2\/categories?post=58344"},{"taxonomy":"post_tag","embeddable":true,"href":"https:\/\/www.radiopresidenteibanez.cl\/web\/wp-json\/wp\/v2\/tags?post=58344"}],"curies":[{"name":"wp","href":"https:\/\/api.w.org\/{rel}","templated":true}]}}