{"id":58338,"date":"2025-08-19T12:23:00","date_gmt":"2025-08-19T15:23:00","guid":{"rendered":"https:\/\/www.radiopresidenteibanez.cl\/web\/?p=58338"},"modified":"2025-08-19T11:26:56","modified_gmt":"2025-08-19T14:26:56","slug":"academico-e-investigador-teatral-de-la-pontificia-u-catolica-dictara-charlas-y-mostrara-documental-sobre-tomas-vidiella-en-la-umag","status":"publish","type":"post","link":"https:\/\/www.radiopresidenteibanez.cl\/web\/academico-e-investigador-teatral-de-la-pontificia-u-catolica-dictara-charlas-y-mostrara-documental-sobre-tomas-vidiella-en-la-umag\/","title":{"rendered":"Acad\u00e9mico e investigador teatral de la Pontificia U. Cat\u00f3lica dictar\u00e1 charlas y mostrar\u00e1 documental sobre Tom\u00e1s Vidiella en la UMAG"},"content":{"rendered":"\n<p>La Universidad de Magallanes recibir\u00e1 durante la pr\u00f3xima semana la visita de uno de los investigadores m\u00e1s destacados a nivel nacional en el \u00e1rea de Teatro. Se trata de&nbsp;<strong>Jonathan Aravena,<\/strong>&nbsp;dramaturgo y acad\u00e9mico de la Escuela de Teatro de la&nbsp;<a href=\"https:\/\/www.uc.cl\/\" target=\"_blank\" rel=\"noreferrer noopener\">Pontificia Universidad Cat\u00f3lica,<\/a>&nbsp;editor de la revista&nbsp;<strong>\u201cApuntes de Teatro\u201d<\/strong>&nbsp;y director de los&nbsp;<strong>Archivos de la Escena Teatral UC<\/strong>. La iniciativa surgi\u00f3 a ra\u00edz de la inclusi\u00f3n en la mencionada revista \u201cApuntes de Teatro\u201d del trabajo de teatro museogr\u00e1fico llevado a cabo por el Teatro Elenco UMAG, cuya directora&nbsp;<strong>Nitzam\u00e9 Mayorga<\/strong>&nbsp;fue invitada para el lanzamiento de dicha edici\u00f3n en la Pontificia Universidad Cat\u00f3lica.<\/p>\n\n\n\n<p>Sus actividades comenzar\u00e1n el jueves 21 de agosto a las 11.30 horas, con la presentaci\u00f3n del&nbsp;<strong>Programa de Investigaci\u00f3n y Archivos de la Escena Teatral UC<\/strong>, que cumple 25 a\u00f1os de labor de resguardo de un patrimonio de m\u00e1s de 100.000 piezas. La conferencia tendr\u00e1 lugar en la Sala de Conferencias (cuarto piso, Edificio Ingenier\u00eda UMAG). All\u00ed el investigador expondr\u00e1 sobre la historia y desarrollo de este programa universitario, fundado en 2000 por la acad\u00e9mica Mar\u00eda de la Luz Hurtado y que est\u00e1 dedicado al estudio y resguardo del Teatro Chileno. \u201cEn nuestros dep\u00f3sitos se alojan documentos donados por los propios creadores teatrales: dramaturgos(as), actrices, actores, dise\u00f1adores(as), directoras(es) de escena y fot\u00f3grafos del teatro chileno, de diferentes \u00e9pocas, quienes han confiado en nuestra labor para disponer sus materiales y permitir continuar promoviendo estos recursos para la pr\u00e1ctica art\u00edstica, la investigaci\u00f3n y la ense\u00f1anza\u201d, explica Jonathan Aravena.<\/p>\n\n\n\n<p>El mismo d\u00eda jueves 21 de julio a las 19:00 horas en el Auditorio Ernesto Livacic (Facultad de Ingenier\u00eda UMAG) Jonathan Aravena mostrar\u00e1 su documental&nbsp;<strong>\u201cEl archivo de una bestia\u201d,<\/strong>&nbsp;que fue motivado por la entrega de los documentos del actor Tomas Vidiella por parte de su hermana Eliana. Mediante el testimonio de sus compa\u00f1eros de \u00e9poca se reviven los sue\u00f1os y el tes\u00f3n de quien reabri\u00f3 un polvoriento cine de barrio en \u00d1u\u00f1oa para transformarlo en el esplendoroso Teatro Hollywood, lugar desde el que sube al escenario (reci\u00e9n iniciada la dictadura), al primer personaje travesti del teatro chileno: la \u201cLul\u00fa\u201d, del popular Cabaret Bijoux (1976).&nbsp;<\/p>\n\n\n\n<p>El viernes 22 de agosto a las 11.30 horas, en el Aula Tecnol\u00f3gica (Biblioteca UMAG) dictar\u00e1 la conferencia&nbsp;<strong>\u201cCineteatro: transformaciones en la imagen de nuestra \u00e9poca\u201d.<\/strong>&nbsp;Esta tendr\u00e1 como tema la relaci\u00f3n entre el Teatro y el Cine, tema en que Jonathan Aravena est\u00e1 trabajando para su tesis de doctorado. \u201cA partir del an\u00e1lisis de diferentes secuencias cinematogr\u00e1ficas y frames de autores como Jean Renoir, Ingmar Bergman, Federico Fellini, John Cassavetes, Ra\u00fal Ru\u00edz, Derek Jarman y algunos filmes producidos en los \u00faltimos diez a\u00f1os, revisaremos la forma en que el teatro ha participado en la conformaci\u00f3n de im\u00e1genes que, en su autorreflexividad, buscan comprender nuestros tiempos de cultura visual y teatralidad expandida\u201d, explica el investigador teatral. La misma charla se realizar\u00e1 a las 19:00 horas en el Centro de Documentaci\u00f3n del Instituto de la Patagonia (ubicado en terrenos del Museo del Recuerdo), especialmente dirigida a personas vinculadas al teatro y al audiovisual, as\u00ed como a p\u00fablico interesado en general.<\/p>\n\n\n\n<p>Estas actividades son organizadas por la Unidad de Artes, Culturas y Patrimonios UMAG y cuentan con financiamiento del MINEDUC.<\/p>\n","protected":false},"excerpt":{"rendered":"<p>La Universidad de Magallanes recibir\u00e1 durante la pr\u00f3xima semana la visita de uno de los investigadores m\u00e1s destacados a nivel nacional en el \u00e1rea de Teatro. Se trata de&nbsp;Jonathan Aravena,&nbsp;dramaturgo&#8230; <a class=\"read-more\" href=\"https:\/\/www.radiopresidenteibanez.cl\/web\/academico-e-investigador-teatral-de-la-pontificia-u-catolica-dictara-charlas-y-mostrara-documental-sobre-tomas-vidiella-en-la-umag\/\">Leer m\u00e1s<\/a><\/p>\n","protected":false},"author":2,"featured_media":58339,"comment_status":"closed","ping_status":"closed","sticky":false,"template":"","format":"standard","meta":{"footnotes":""},"categories":[1],"tags":[],"class_list":["post-58338","post","type-post","status-publish","format-standard","has-post-thumbnail","hentry","category-cronica"],"_links":{"self":[{"href":"https:\/\/www.radiopresidenteibanez.cl\/web\/wp-json\/wp\/v2\/posts\/58338","targetHints":{"allow":["GET"]}}],"collection":[{"href":"https:\/\/www.radiopresidenteibanez.cl\/web\/wp-json\/wp\/v2\/posts"}],"about":[{"href":"https:\/\/www.radiopresidenteibanez.cl\/web\/wp-json\/wp\/v2\/types\/post"}],"author":[{"embeddable":true,"href":"https:\/\/www.radiopresidenteibanez.cl\/web\/wp-json\/wp\/v2\/users\/2"}],"replies":[{"embeddable":true,"href":"https:\/\/www.radiopresidenteibanez.cl\/web\/wp-json\/wp\/v2\/comments?post=58338"}],"version-history":[{"count":0,"href":"https:\/\/www.radiopresidenteibanez.cl\/web\/wp-json\/wp\/v2\/posts\/58338\/revisions"}],"wp:featuredmedia":[{"embeddable":true,"href":"https:\/\/www.radiopresidenteibanez.cl\/web\/wp-json\/wp\/v2\/media\/58339"}],"wp:attachment":[{"href":"https:\/\/www.radiopresidenteibanez.cl\/web\/wp-json\/wp\/v2\/media?parent=58338"}],"wp:term":[{"taxonomy":"category","embeddable":true,"href":"https:\/\/www.radiopresidenteibanez.cl\/web\/wp-json\/wp\/v2\/categories?post=58338"},{"taxonomy":"post_tag","embeddable":true,"href":"https:\/\/www.radiopresidenteibanez.cl\/web\/wp-json\/wp\/v2\/tags?post=58338"}],"curies":[{"name":"wp","href":"https:\/\/api.w.org\/{rel}","templated":true}]}}