{"id":58335,"date":"2025-08-19T10:52:00","date_gmt":"2025-08-19T13:52:00","guid":{"rendered":"https:\/\/www.radiopresidenteibanez.cl\/web\/?p=58335"},"modified":"2025-08-19T10:33:15","modified_gmt":"2025-08-19T13:33:15","slug":"se-constituye-mesa-regional-de-mediacion-penal-juvenil-en-magallanes-para-fortalecer-la-justicia-restaurativa","status":"publish","type":"post","link":"https:\/\/www.radiopresidenteibanez.cl\/web\/se-constituye-mesa-regional-de-mediacion-penal-juvenil-en-magallanes-para-fortalecer-la-justicia-restaurativa\/","title":{"rendered":"SE CONSTITUYE MESA REGIONAL DE MEDIACI\u00d3N PENAL JUVENIL EN MAGALLANES PARA FORTALECER LA JUSTICIA RESTAURATIVA"},"content":{"rendered":"\n<p>En un verdadero hito se convirti\u00f3 la instalaci\u00f3n de la Mesa Regional de Mediaci\u00f3n Penal Juvenil de la regi\u00f3n de Magallanes y Ant\u00e1rtica Chilena, al cumplirse con esto uno de los objetivos estrat\u00e9gicos que impulsa el Servicio de Reinserci\u00f3n Social Juvenil gracias al nuevo modelo de trabajo con j\u00f3venes en conflicto con la justicia.<\/p>\n\n\n\n<p><br>La instancia es coordinada por el Servicio de Reinserci\u00f3n Social Juvenil y como parte de la Subcomisi\u00f3n de Responsabilidad Penal Adolescente, es liderada por la Seremi de Justicia y Derechos Humanos, Michelle Peutat.<\/p>\n\n\n\n<p>En la sesi\u00f3n de constituci\u00f3n, asistieron junto a la Seremi Peutat, Fernando Meza, Juez de Garant\u00eda de Punta Arenas; Amanda Hurtado, representante de&nbsp;la Fiscal\u00eda regional de Magallanes; Ver\u00f3nica Reyes, Defensora Regional Penal P\u00fablica; Mariano Mu\u00f1oz, integrante del Juzgado de Garant\u00eda de Punta Arenas y representante de la Ilustre Corte de Apelaciones de Punta Arenas. En la instancia, el director regional del Servicio de Reinserci\u00f3n Social Juvenil, C\u00e9sar Montiel, aprovech\u00f3 la ocasi\u00f3n para presentar a la nueva abogada y especialista en mediaci\u00f3n Penal Juvenil, Paula Aedo.<\/p>\n\n\n\n<p>La mesa tiene como objetivo instalar el nuevo modelo de intervenci\u00f3n que considera a la mediaci\u00f3n penal juvenil, a trav\u00e9s de la justicia restaurativa, como el mecanismo para reparar el da\u00f1o y buscar la responsabilizaci\u00f3n por parte de j\u00f3venes y adolescentes que han cometido delitos.<\/p>\n\n\n\n<p>La Seremi de Justicia y Derechos Humanos, Michelle Peutat resalt\u00f3 esta primera instancia para constituir la Mesa de Mediaci\u00f3n Penal en el Sistema de Responsabilidad Penal Adolescente, instancia que busca desarrollar interinstitucionalmente el avance de este mecanismo como alternativa para la soluci\u00f3n de conflictos. A la vez, valor\u00f3 el mecanismo de mediaci\u00f3n penal como innovaci\u00f3n en materia de justicia penal en nuestro pa\u00eds y que busca brindar nuevas alternativas, tanto a la v\u00edctima como tambi\u00e9n a responsabilizar a quienes cometen un delito siendo menores de edad. \u201cAqu\u00ed lo importante es que permite identificar que esta modificaci\u00f3n legal no es solamente un cambio de nombre del servicio, sino que tambi\u00e9n una reestructuraci\u00f3n del proceso penal y de todos los actores que forman parte de ese proceso, y que deben ser part\u00edcipes de esta reforma, y lo bueno es que se est\u00e1 implementando ya\u201d.<\/p>\n\n\n\n<p>Por su parte, el director regional del Servicio de Reinserci\u00f3n Social Juvenil de Magallanes, C\u00e9sar Montiel, destac\u00f3 que \u201cesta mesa de mediaci\u00f3n Penal Juvenil en el Sistema de Responsabilidad Penal Adolescente es fundamental para la justicia restaurativa, al promover la participaci\u00f3n activa de la v\u00edctima y el adolescente infractor en la b\u00fasqueda de soluciones al conflicto.&nbsp;Facilita la reparaci\u00f3n del da\u00f1o causado, fomentando la responsabilizaci\u00f3n del adolescente y evitando la judicializaci\u00f3n excesiva\u201d.<\/p>\n\n\n\n<p>Montiel agreg\u00f3 que \u201cesta mesa es un hito al haberse constituido en esta etapa del proceso de instalaci\u00f3n del servicio, que permitir\u00e1 contar con un espacio en donde la Fiscal\u00eda, Defensor\u00eda, el Ministerio P\u00fablico y los tribunales podr\u00e1n dialogar, analizar y acordar acciones en el marco del programa de mediaci\u00f3n penal juvenil en nuestra regi\u00f3n\u201d.<\/p>\n\n\n\n<p>En la misma jornada, la mediadora penal juvenil del Servicio de reinserci\u00f3n Social Juvenil y Abogada, Paula Aedo, expuso el plan de trabajo y entreg\u00f3 un estado de avance respecto de las mediaciones que se encuentran en proceso, destacando el trabajo a desarrollar el que se ver\u00e1 fortalecido con el apoyo interinstitucional en justicia restaurativa.<\/p>\n\n\n\n<p>La reciente modificaci\u00f3n a la Ley sobre Responsabilidad Penal Adolescente incorpora la Mediaci\u00f3n Penal Juvenil como una herramienta para restablecer la infracci\u00f3n. Este mecanismo permite alcanzar un acuerdo entre v\u00edctima e imputado, proceso que es facilitado por un mediador de manera gratuita, promoviendo la participaci\u00f3n activa de la v\u00edctima y la responsabilizaci\u00f3n del o la adolescente, que incorpora la mediaci\u00f3n como herramienta v\u00e1lida dentro del proceso penal juvenil, fomentando el di\u00e1logo y la colaboraci\u00f3n entre las partes.<\/p>\n\n\n\n<p><strong>\u00bfQu\u00e9 es la mediaci\u00f3n penal juvenil?<\/strong><strong><\/strong><\/p>\n\n\n\n<p>Es un proceso voluntario que busca resolver de manera colaborativa el conflicto generado a partir de un delito que no tuvo consecuencias graves, como una alternativa al juicio penal. Se trata de una innovaci\u00f3n que entr\u00f3 en vigencia junto con la creaci\u00f3n del nuevo Servicio de Reinserci\u00f3n Social Juvenil.<\/p>\n\n\n\n<p>Es una forma alternativa de resoluci\u00f3n de los conflictos que con un enfoque de justicia restaurativa permite lograr una importante satisfacci\u00f3n en las v\u00edctimas y tiene un impacto positivo en los procesos de reinserci\u00f3n de las y los adolescentes y j\u00f3venes.<\/p>\n\n\n\n<p>Se entiende por mediaci\u00f3n la realizaci\u00f3n de un proceso restaurativo y especializado, en virtud del cual la v\u00edctima y el imputado acuerdan determinar conjuntamente la reparaci\u00f3n real o simb\u00f3lica del da\u00f1o ocasionado con la comisi\u00f3n del delito, asistidos por un mediador.<\/p>\n\n\n\n<p>La mediaci\u00f3n penal se enmarca dentro del principio de especialidad del Servicio Nacional de Reinserci\u00f3n Social Juvenil y supone como eje la especializaci\u00f3n del mediador o mediadora, quien deber\u00e1 cumplir con determinadas exigencias legales y est\u00e1ndares de acreditaci\u00f3n que se encuentren vigentes e inscritos en el registro de mediadores penales juveniles del Servicio Nacional de Reinserci\u00f3n social Juvenil.<\/p>\n\n\n\n<p>Lo anterior habilitar\u00e1 al mediador o mediadora para ejecutar el Programa de Mediaci\u00f3n Penal Juvenil y el componente de mediaci\u00f3n del Programa en Beneficio a la Comunidad y Reparaci\u00f3n del Da\u00f1o.<\/p>\n\n\n\n<p>M\u00e1s informaci\u00f3n en <a href=\"https:\/\/www.reinsercionjuvenil.gob.cl\/mediacionpenal-juvenil\/\">https:\/\/www.reinsercionjuvenil.gob.cl\/mediacionpenal-juvenil\/<\/a><\/p>\n","protected":false},"excerpt":{"rendered":"<p>En un verdadero hito se convirti\u00f3 la instalaci\u00f3n de la Mesa Regional de Mediaci\u00f3n Penal Juvenil de la regi\u00f3n de Magallanes y Ant\u00e1rtica Chilena, al cumplirse con esto uno de&#8230; <a class=\"read-more\" href=\"https:\/\/www.radiopresidenteibanez.cl\/web\/se-constituye-mesa-regional-de-mediacion-penal-juvenil-en-magallanes-para-fortalecer-la-justicia-restaurativa\/\">Leer m\u00e1s<\/a><\/p>\n","protected":false},"author":2,"featured_media":58336,"comment_status":"closed","ping_status":"closed","sticky":false,"template":"","format":"standard","meta":{"footnotes":""},"categories":[1],"tags":[],"class_list":["post-58335","post","type-post","status-publish","format-standard","has-post-thumbnail","hentry","category-cronica"],"_links":{"self":[{"href":"https:\/\/www.radiopresidenteibanez.cl\/web\/wp-json\/wp\/v2\/posts\/58335","targetHints":{"allow":["GET"]}}],"collection":[{"href":"https:\/\/www.radiopresidenteibanez.cl\/web\/wp-json\/wp\/v2\/posts"}],"about":[{"href":"https:\/\/www.radiopresidenteibanez.cl\/web\/wp-json\/wp\/v2\/types\/post"}],"author":[{"embeddable":true,"href":"https:\/\/www.radiopresidenteibanez.cl\/web\/wp-json\/wp\/v2\/users\/2"}],"replies":[{"embeddable":true,"href":"https:\/\/www.radiopresidenteibanez.cl\/web\/wp-json\/wp\/v2\/comments?post=58335"}],"version-history":[{"count":0,"href":"https:\/\/www.radiopresidenteibanez.cl\/web\/wp-json\/wp\/v2\/posts\/58335\/revisions"}],"wp:featuredmedia":[{"embeddable":true,"href":"https:\/\/www.radiopresidenteibanez.cl\/web\/wp-json\/wp\/v2\/media\/58336"}],"wp:attachment":[{"href":"https:\/\/www.radiopresidenteibanez.cl\/web\/wp-json\/wp\/v2\/media?parent=58335"}],"wp:term":[{"taxonomy":"category","embeddable":true,"href":"https:\/\/www.radiopresidenteibanez.cl\/web\/wp-json\/wp\/v2\/categories?post=58335"},{"taxonomy":"post_tag","embeddable":true,"href":"https:\/\/www.radiopresidenteibanez.cl\/web\/wp-json\/wp\/v2\/tags?post=58335"}],"curies":[{"name":"wp","href":"https:\/\/api.w.org\/{rel}","templated":true}]}}