{"id":58332,"date":"2025-08-19T08:57:00","date_gmt":"2025-08-19T11:57:00","guid":{"rendered":"https:\/\/www.radiopresidenteibanez.cl\/web\/?p=58332"},"modified":"2025-08-19T08:49:49","modified_gmt":"2025-08-19T11:49:49","slug":"boletin-informativo-orbe-59","status":"publish","type":"post","link":"https:\/\/www.radiopresidenteibanez.cl\/web\/boletin-informativo-orbe-59\/","title":{"rendered":"BOLETIN INFORMATIVO ORBE"},"content":{"rendered":"\n<p>SANTIAGO.- La candidata oficialista, Jeannette Jara, present\u00f3<br>la primera versi\u00f3n de su programa de Gobierno. \u00abUn Chile que<br>cumple\u00bb se titula el documento con los lineamientos<br>program\u00e1ticos, y que Jara espera complementar con los insumos<br>que recoja en su gira nacional. Entre otras cosas, propone<br>\u00abun profundo cambio de estrategia\u00bb en materia de seguridad;<br>\u00abeducaci\u00f3n p\u00fablica de calidad, gratuita y universal\u00bb y un<br>esfuerzo \u00abhist\u00f3rico\u00bb en vivienda.<\/p>\n\n\n\n<p>SANTIAGO.- En seguridad, Jara dijo que busca \u00abun profundo<br>cambio de estrategia\u00bb, por medio de la persecuci\u00f3n del dinero<br>del narcotr\u00e1fico, fortalecer la inteligencia policial, dotar<br>de mayores capacidades a las polic\u00edas y devolver la<br>tranquilidad a los barrios. En crecimiento econ\u00f3mico, se\u00f1al\u00f3<br>que \u00abqueremos un pa\u00eds que crezca, pero que lo haga<br>distribuyendo de mejor manera esa riqueza. Eso significa<br>apoyar a las pymes, diversificar la matriz productiva,<br>apostar por innovaci\u00f3n y fortalecer la miner\u00eda\u00bb.<\/p>\n\n\n\n<p>SANTIAGO.- En materia sectorial, se brega por una \u00absalud a<br>tiempo\u00bb para que no se esperen meses por una atenci\u00f3n de<br>urgencia, y por el fortalecimiento de la atenci\u00f3n primaria.<br>Se reducir\u00e1 las listas de espera y se avanzar\u00e1 hacia un<br>sistema universal \u00abdonde la salud no dependa del bolsillo,<br>sino de la necesidad\u00bb. En lo relativo a vivienda, se indica<br>que \u00abproponemos un esfuerzo hist\u00f3rico: m\u00e1s viviendas, mejores<br>barrios\u00bb.<\/p>\n\n\n\n<p>SANTIAGO.- En ense\u00f1anza, Jara propone \u00abuna transformaci\u00f3n de<br>fondo: educaci\u00f3n p\u00fablica de calidad, gratuita y universal,<br>con m\u00e1s recursos, con apoyo a docentes, con infraestructura<br>adecuada y con una mirada inclusiva. Porque la educaci\u00f3n<br>sigue siendo la llave maestra para la igualdad de<br>oportunidades\u00bb. Tambi\u00e9n se destina un apartado a transici\u00f3n<br>energ\u00e9tica justa, a trav\u00e9s del desarrollo en energ\u00edas<br>renovables.<\/p>\n","protected":false},"excerpt":{"rendered":"<p>SANTIAGO.- La candidata oficialista, Jeannette Jara, present\u00f3la primera versi\u00f3n de su programa de Gobierno. \u00abUn Chile quecumple\u00bb se titula el documento con los lineamientosprogram\u00e1ticos, y que Jara espera complementar con&#8230; <a class=\"read-more\" href=\"https:\/\/www.radiopresidenteibanez.cl\/web\/boletin-informativo-orbe-59\/\">Leer m\u00e1s<\/a><\/p>\n","protected":false},"author":2,"featured_media":58333,"comment_status":"closed","ping_status":"closed","sticky":false,"template":"","format":"standard","meta":{"footnotes":""},"categories":[1],"tags":[],"class_list":["post-58332","post","type-post","status-publish","format-standard","has-post-thumbnail","hentry","category-cronica"],"_links":{"self":[{"href":"https:\/\/www.radiopresidenteibanez.cl\/web\/wp-json\/wp\/v2\/posts\/58332","targetHints":{"allow":["GET"]}}],"collection":[{"href":"https:\/\/www.radiopresidenteibanez.cl\/web\/wp-json\/wp\/v2\/posts"}],"about":[{"href":"https:\/\/www.radiopresidenteibanez.cl\/web\/wp-json\/wp\/v2\/types\/post"}],"author":[{"embeddable":true,"href":"https:\/\/www.radiopresidenteibanez.cl\/web\/wp-json\/wp\/v2\/users\/2"}],"replies":[{"embeddable":true,"href":"https:\/\/www.radiopresidenteibanez.cl\/web\/wp-json\/wp\/v2\/comments?post=58332"}],"version-history":[{"count":0,"href":"https:\/\/www.radiopresidenteibanez.cl\/web\/wp-json\/wp\/v2\/posts\/58332\/revisions"}],"wp:featuredmedia":[{"embeddable":true,"href":"https:\/\/www.radiopresidenteibanez.cl\/web\/wp-json\/wp\/v2\/media\/58333"}],"wp:attachment":[{"href":"https:\/\/www.radiopresidenteibanez.cl\/web\/wp-json\/wp\/v2\/media?parent=58332"}],"wp:term":[{"taxonomy":"category","embeddable":true,"href":"https:\/\/www.radiopresidenteibanez.cl\/web\/wp-json\/wp\/v2\/categories?post=58332"},{"taxonomy":"post_tag","embeddable":true,"href":"https:\/\/www.radiopresidenteibanez.cl\/web\/wp-json\/wp\/v2\/tags?post=58332"}],"curies":[{"name":"wp","href":"https:\/\/api.w.org\/{rel}","templated":true}]}}