{"id":58329,"date":"2025-08-19T09:38:00","date_gmt":"2025-08-19T12:38:00","guid":{"rendered":"https:\/\/www.radiopresidenteibanez.cl\/web\/?p=58329"},"modified":"2025-08-19T08:45:52","modified_gmt":"2025-08-19T11:45:52","slug":"consejo-regional-respalda-tradicion-cuequera-con-apoyo-al-campeonato-juvenil-nacional","status":"publish","type":"post","link":"https:\/\/www.radiopresidenteibanez.cl\/web\/consejo-regional-respalda-tradicion-cuequera-con-apoyo-al-campeonato-juvenil-nacional\/","title":{"rendered":"Consejo Regional respalda tradici\u00f3n cuequera con apoyo al Campeonato Juvenil Nacional"},"content":{"rendered":"\n<p>El Consejo Regional aprob\u00f3 el apoyo financiero en log\u00edstica para la Agrupaci\u00f3n<br>Amigos de la Cueca, instituci\u00f3n organizadora de este evento que re\u00fane a los mejores exponentes<br>juveniles del baile nacional. El financiamiento permitir\u00e1 cubrir servicios esenciales como<br>movilizaci\u00f3n de delegaciones, sonido, iluminaci\u00f3n, backline, escenario y premiaci\u00f3n, asegurando el<br>desarrollo de una competencia que ya es tradici\u00f3n en la regi\u00f3n.<br>Con m\u00e1s de dos d\u00e9cadas de historia y convertido en una verdadera fiesta patrimonial, Punta<br>Arenas se prepara para recibir una nueva versi\u00f3n del Campeonato Nacional Juvenil de Cueca<br>\u201cTodo Chile en la Patagonia, capital de la cueca juvenil\u201d, que este 2025 cumple 29 a\u00f1os<br>consecutivos de trayectoria.<br>Una fiesta cultural con identidad nacional<br>El campeonato, considerado el m\u00e1s antiguo de Chile en su categor\u00eda, convoca a parejas de j\u00f3venes<br>entre 14 y 17 a\u00f1os de todas las regiones del pa\u00eds. En esta edici\u00f3n se esperan m\u00e1s de 2.500<br>beneficiarios directos y un p\u00fablico que supera las 4.500 personas, consolidando a Punta Arenas<br>como un punto de encuentro donde la juventud celebra y preserva la identidad cultural del pa\u00eds.<br>\u201cEstoy muy contento de apoyar a este grupo de j\u00f3venes. Como amante de la cueca y padre de una<br>hija que fue campeona regional y nacional, s\u00e9 lo importante que es que las nuevas generaciones<br>sigan cultivando nuestro baile nacional\u201d, destac\u00f3 el Consejero Regional Patricio Gam\u00edn, valorando<br>la trascendencia de mantener vivo el patrimonio.<br>Por su parte, el Consejero Regional Nano Soto subray\u00f3 el impacto social y econ\u00f3mico de la<br>iniciativa: \u201cAqu\u00ed todos salimos beneficiados, porque adem\u00e1s del orgullo cultural, esta actividad<br>mueve la ciudad, genera turismo, activa hoteles, comercio y visibiliza a Magallanes en todo el<br>pa\u00eds\u201d.<br>Una tradici\u00f3n que naci\u00f3 en 1997<br>El primer encuentro se realiz\u00f3 en octubre de 1997 en Punta Arenas, marcando el inicio de una<br>tradici\u00f3n que con el paso del tiempo se ha consolidado como una cita obligada en el calendario<br>cultural de Magallanes y de Chile.<\/p>\n","protected":false},"excerpt":{"rendered":"<p>El Consejo Regional aprob\u00f3 el apoyo financiero en log\u00edstica para la Agrupaci\u00f3nAmigos de la Cueca, instituci\u00f3n organizadora de este evento que re\u00fane a los mejores exponentesjuveniles del baile nacional. El&#8230; <a class=\"read-more\" href=\"https:\/\/www.radiopresidenteibanez.cl\/web\/consejo-regional-respalda-tradicion-cuequera-con-apoyo-al-campeonato-juvenil-nacional\/\">Leer m\u00e1s<\/a><\/p>\n","protected":false},"author":2,"featured_media":58330,"comment_status":"closed","ping_status":"closed","sticky":false,"template":"","format":"standard","meta":{"footnotes":""},"categories":[1],"tags":[],"class_list":["post-58329","post","type-post","status-publish","format-standard","has-post-thumbnail","hentry","category-cronica"],"_links":{"self":[{"href":"https:\/\/www.radiopresidenteibanez.cl\/web\/wp-json\/wp\/v2\/posts\/58329","targetHints":{"allow":["GET"]}}],"collection":[{"href":"https:\/\/www.radiopresidenteibanez.cl\/web\/wp-json\/wp\/v2\/posts"}],"about":[{"href":"https:\/\/www.radiopresidenteibanez.cl\/web\/wp-json\/wp\/v2\/types\/post"}],"author":[{"embeddable":true,"href":"https:\/\/www.radiopresidenteibanez.cl\/web\/wp-json\/wp\/v2\/users\/2"}],"replies":[{"embeddable":true,"href":"https:\/\/www.radiopresidenteibanez.cl\/web\/wp-json\/wp\/v2\/comments?post=58329"}],"version-history":[{"count":0,"href":"https:\/\/www.radiopresidenteibanez.cl\/web\/wp-json\/wp\/v2\/posts\/58329\/revisions"}],"wp:featuredmedia":[{"embeddable":true,"href":"https:\/\/www.radiopresidenteibanez.cl\/web\/wp-json\/wp\/v2\/media\/58330"}],"wp:attachment":[{"href":"https:\/\/www.radiopresidenteibanez.cl\/web\/wp-json\/wp\/v2\/media?parent=58329"}],"wp:term":[{"taxonomy":"category","embeddable":true,"href":"https:\/\/www.radiopresidenteibanez.cl\/web\/wp-json\/wp\/v2\/categories?post=58329"},{"taxonomy":"post_tag","embeddable":true,"href":"https:\/\/www.radiopresidenteibanez.cl\/web\/wp-json\/wp\/v2\/tags?post=58329"}],"curies":[{"name":"wp","href":"https:\/\/api.w.org\/{rel}","templated":true}]}}