{"id":58325,"date":"2025-08-19T08:36:36","date_gmt":"2025-08-19T11:36:36","guid":{"rendered":"https:\/\/www.radiopresidenteibanez.cl\/web\/?p=58325"},"modified":"2025-08-19T08:37:48","modified_gmt":"2025-08-19T11:37:48","slug":"puerto-williams-conmemora-20-anos-de-la-reserva-cabo-de-hornos-con-limpieza-en-bahia-douglas","status":"publish","type":"post","link":"https:\/\/www.radiopresidenteibanez.cl\/web\/puerto-williams-conmemora-20-anos-de-la-reserva-cabo-de-hornos-con-limpieza-en-bahia-douglas\/","title":{"rendered":"Puerto Williams conmemora 20 a\u00f1os de la Reserva Cabo de Hornos con limpieza en Bah\u00eda Douglas"},"content":{"rendered":"\n<p>Con jornada de conservaci\u00f3n ambiental, la comuna de Cabo de Hornos reuni\u00f3 a un equipo interdisciplinario liderados por integrantes del comit\u00e9 de la Reserva de la Biosfera y funcionarios municipales que colaboraron en la actividad de limpieza en playas, pastizales, matorrales y bosques, con el prop\u00f3sito de cuidar el entorno y prevenir incendios forestales.<\/p>\n\n\n\n<p>Evelyn Vergara, guardaparque del Parque Omora, destac\u00f3 el valor de la iniciativa:&nbsp;<em>\u201cDentro de esta actividad estamos en la zona tamp\u00f3n de la reserva de la biosfera Cabo de Hornos. Esta zona se caracteriza por una gran diversidad: desde condores, bosque de coihue y lenga, hasta ballenas, lobos marinos, ping\u00fcinos de Magallanes y otras especies que se pueden ver a lo largo del a\u00f1o\u201d<\/em>.<\/p>\n\n\n\n<p>En la misma l\u00ednea, Milena D\u00edaz, trabajadora social y representante de la Delegaci\u00f3n Provincial Ant\u00e1rtica Chilena, subray\u00f3 la importancia del trabajo conjunto:&nbsp;<em>\u201cMe parece una actividad muy buena y vinculante para todos los servicios p\u00fablicos que trabajamos en la comuna por la conservaci\u00f3n y el cuidado de la biosfera 2025\u201d<\/em>.<\/p>\n\n\n\n<p>Por su parte, Mar\u00eda Cecilia Trivi\u00f1o, tambi\u00e9n en representaci\u00f3n de la Delegaci\u00f3n Ant\u00e1rtica, valor\u00f3 la convocatoria y llam\u00f3 a mantener este tipo de iniciativas:&nbsp;<em>\u201cMe parece una actividad muy interesante, la cual colabora con el medio ambiente, y ojal\u00e1 tuvi\u00e9semos m\u00e1s instancias as\u00ed para reforzar el compromiso con nuestra comuna y provincia\u201d<\/em>.<\/p>\n\n\n\n<p>La conmemoraci\u00f3n no solo permiti\u00f3 recordar dos d\u00e9cadas de la Reserva Cabo de Hornos, sino tambi\u00e9n reforzar el compromiso de instituciones y comunidad por proteger uno de los ecosistemas m\u00e1s australes del planeta, promoviendo la participaci\u00f3n ciudadana, la educaci\u00f3n ambiental y la valorizaci\u00f3n del patrimonio natural de la regi\u00f3n de Magallanes.<\/p>\n","protected":false},"excerpt":{"rendered":"<p>Con jornada de conservaci\u00f3n ambiental, la comuna de Cabo de Hornos reuni\u00f3 a un equipo interdisciplinario liderados por integrantes del comit\u00e9 de la Reserva de la Biosfera y funcionarios municipales&#8230; <a class=\"read-more\" href=\"https:\/\/www.radiopresidenteibanez.cl\/web\/puerto-williams-conmemora-20-anos-de-la-reserva-cabo-de-hornos-con-limpieza-en-bahia-douglas\/\">Leer m\u00e1s<\/a><\/p>\n","protected":false},"author":2,"featured_media":58326,"comment_status":"closed","ping_status":"closed","sticky":false,"template":"","format":"standard","meta":{"footnotes":""},"categories":[1],"tags":[],"class_list":["post-58325","post","type-post","status-publish","format-standard","has-post-thumbnail","hentry","category-cronica"],"_links":{"self":[{"href":"https:\/\/www.radiopresidenteibanez.cl\/web\/wp-json\/wp\/v2\/posts\/58325","targetHints":{"allow":["GET"]}}],"collection":[{"href":"https:\/\/www.radiopresidenteibanez.cl\/web\/wp-json\/wp\/v2\/posts"}],"about":[{"href":"https:\/\/www.radiopresidenteibanez.cl\/web\/wp-json\/wp\/v2\/types\/post"}],"author":[{"embeddable":true,"href":"https:\/\/www.radiopresidenteibanez.cl\/web\/wp-json\/wp\/v2\/users\/2"}],"replies":[{"embeddable":true,"href":"https:\/\/www.radiopresidenteibanez.cl\/web\/wp-json\/wp\/v2\/comments?post=58325"}],"version-history":[{"count":0,"href":"https:\/\/www.radiopresidenteibanez.cl\/web\/wp-json\/wp\/v2\/posts\/58325\/revisions"}],"wp:featuredmedia":[{"embeddable":true,"href":"https:\/\/www.radiopresidenteibanez.cl\/web\/wp-json\/wp\/v2\/media\/58326"}],"wp:attachment":[{"href":"https:\/\/www.radiopresidenteibanez.cl\/web\/wp-json\/wp\/v2\/media?parent=58325"}],"wp:term":[{"taxonomy":"category","embeddable":true,"href":"https:\/\/www.radiopresidenteibanez.cl\/web\/wp-json\/wp\/v2\/categories?post=58325"},{"taxonomy":"post_tag","embeddable":true,"href":"https:\/\/www.radiopresidenteibanez.cl\/web\/wp-json\/wp\/v2\/tags?post=58325"}],"curies":[{"name":"wp","href":"https:\/\/api.w.org\/{rel}","templated":true}]}}