{"id":58322,"date":"2025-08-18T17:50:00","date_gmt":"2025-08-18T20:50:00","guid":{"rendered":"https:\/\/www.radiopresidenteibanez.cl\/web\/?p=58322"},"modified":"2025-08-18T12:00:11","modified_gmt":"2025-08-18T15:00:11","slug":"261-familias-de-magallanes-acceden-a-subsidios-para-mejorar-sus-viviendas","status":"publish","type":"post","link":"https:\/\/www.radiopresidenteibanez.cl\/web\/261-familias-de-magallanes-acceden-a-subsidios-para-mejorar-sus-viviendas\/","title":{"rendered":"261 familias de Magallanes acceden a subsidios para mejorar sus viviendas"},"content":{"rendered":"\n<p>El Ministerio de Vivienda y Urbanismo (Minvu) inform\u00f3 la selecci\u00f3n de 261 familias de la regi\u00f3n de Magallanes como beneficiarias del subsidio de mejoramiento habitacional, correspondiente al llamado nacional 2024 del Programa DS27 \u2013 Cap\u00edtulo II.<\/p>\n\n\n\n<p>Esta asignaci\u00f3n forma parte de la estrategia del Plan de Emergencia Habitacional impulsado por el gobierno del Presidente Gabriel Boric, que busca no s\u00f3lo construir nuevas viviendas, sino tambi\u00e9n mejorar las condiciones de habitabilidad de las ya existentes.<\/p>\n\n\n\n<p>En esta ocasi\u00f3n, se priorizaron familias que requieren obras de conservaci\u00f3n estructural, acondicionamiento t\u00e9rmico, reparaci\u00f3n de instalaciones el\u00e9ctricas y sanitarias, y adecuaciones para accesibilidad universal.<\/p>\n\n\n\n<p>\u201cEste subsidio permite mejorar techumbres, muros, instalaciones y accesos en viviendas que muchas veces no re\u00fanen las condiciones necesarias para enfrentar el clima extremo de nuestra regi\u00f3n. Es una pol\u00edtica que apunta directo a la calidad de vida de las personas\u201d, explic\u00f3 el director (s) del SERVIU Magallanes,&nbsp;<strong>Omar Gonz\u00e1lez Asenjo<\/strong>.<\/p>\n\n\n\n<p>El beneficio est\u00e1 dirigido a familias que cuentan con una vivienda construida y requieren realizar obras espec\u00edficas de mejoramiento, y se otorga a trav\u00e9s de postulaciones colectivas, gestionadas con apoyo de entidades patrocinantes y constructoras acreditadas por el Minvu.<\/p>\n\n\n\n<p>\u201cLas 261 familias seleccionadas en esta n\u00f3mina corresponden a distintos puntos del territorio regional, incluyendo zonas rurales y urbanas, lo que reafirma el compromiso del Minvu con una pol\u00edtica habitacional con enfoque territorial y equitativo\u201d, a\u00f1adi\u00f3 el director (s) del SERVIU.<\/p>\n\n\n\n<p>Los proyectos ahora avanzar\u00e1n a su fase de ejecuci\u00f3n, luego de la validaci\u00f3n t\u00e9cnica y administrativa por parte de los equipos del SERVIU. La inversi\u00f3n regional proyectada supera los mil millones de pesos, considerando los montos promedio por subsidio y los tipos de intervenci\u00f3n aprobados.<\/p>\n\n\n\n<p>La n\u00f3mina oficial fue publicada el 1 de agosto de 2025 en el Diario Oficial, y est\u00e1 disponible para consulta en el sitio web del Ministerio&nbsp;<a href=\"http:\/\/www.minvu.cl\/\" target=\"_blank\" rel=\"noreferrer noopener\">www.minvu.cl<\/a>&nbsp;y en las oficinas del SERVIU en Punta Arenas (Croacia N\u00b0 722) y Puerto Natales (Juan Ladrilleros N\u00b0 516).<\/p>\n","protected":false},"excerpt":{"rendered":"<p>El Ministerio de Vivienda y Urbanismo (Minvu) inform\u00f3 la selecci\u00f3n de 261 familias de la regi\u00f3n de Magallanes como beneficiarias del subsidio de mejoramiento habitacional, correspondiente al llamado nacional 2024&#8230; <a class=\"read-more\" href=\"https:\/\/www.radiopresidenteibanez.cl\/web\/261-familias-de-magallanes-acceden-a-subsidios-para-mejorar-sus-viviendas\/\">Leer m\u00e1s<\/a><\/p>\n","protected":false},"author":2,"featured_media":58323,"comment_status":"closed","ping_status":"closed","sticky":false,"template":"","format":"standard","meta":{"footnotes":""},"categories":[1],"tags":[],"class_list":["post-58322","post","type-post","status-publish","format-standard","has-post-thumbnail","hentry","category-cronica"],"_links":{"self":[{"href":"https:\/\/www.radiopresidenteibanez.cl\/web\/wp-json\/wp\/v2\/posts\/58322","targetHints":{"allow":["GET"]}}],"collection":[{"href":"https:\/\/www.radiopresidenteibanez.cl\/web\/wp-json\/wp\/v2\/posts"}],"about":[{"href":"https:\/\/www.radiopresidenteibanez.cl\/web\/wp-json\/wp\/v2\/types\/post"}],"author":[{"embeddable":true,"href":"https:\/\/www.radiopresidenteibanez.cl\/web\/wp-json\/wp\/v2\/users\/2"}],"replies":[{"embeddable":true,"href":"https:\/\/www.radiopresidenteibanez.cl\/web\/wp-json\/wp\/v2\/comments?post=58322"}],"version-history":[{"count":0,"href":"https:\/\/www.radiopresidenteibanez.cl\/web\/wp-json\/wp\/v2\/posts\/58322\/revisions"}],"wp:featuredmedia":[{"embeddable":true,"href":"https:\/\/www.radiopresidenteibanez.cl\/web\/wp-json\/wp\/v2\/media\/58323"}],"wp:attachment":[{"href":"https:\/\/www.radiopresidenteibanez.cl\/web\/wp-json\/wp\/v2\/media?parent=58322"}],"wp:term":[{"taxonomy":"category","embeddable":true,"href":"https:\/\/www.radiopresidenteibanez.cl\/web\/wp-json\/wp\/v2\/categories?post=58322"},{"taxonomy":"post_tag","embeddable":true,"href":"https:\/\/www.radiopresidenteibanez.cl\/web\/wp-json\/wp\/v2\/tags?post=58322"}],"curies":[{"name":"wp","href":"https:\/\/api.w.org\/{rel}","templated":true}]}}