{"id":58319,"date":"2025-08-18T15:59:00","date_gmt":"2025-08-18T18:59:00","guid":{"rendered":"https:\/\/www.radiopresidenteibanez.cl\/web\/?p=58319"},"modified":"2025-08-18T11:57:44","modified_gmt":"2025-08-18T14:57:44","slug":"banda-shuggar-inicia-gira-nacional","status":"publish","type":"post","link":"https:\/\/www.radiopresidenteibanez.cl\/web\/banda-shuggar-inicia-gira-nacional\/","title":{"rendered":"Banda Shuggar inicia gira nacional"},"content":{"rendered":"\n<p>El Funky Patag\u00f3nico recorrer\u00e1 el centro y sur de Chile. La banda magall\u00e1nica<br>Shuggar, realizar\u00e1 su primera gira nacional, a partir de la pr\u00f3xima semana. Se<br>trata del tour \u201cMambo Funky\u201d, que recientemente transit\u00f3 por escenarios en<br>Argentina y esta vez sonar\u00e1 en siete ciudades de nuestro pa\u00eds.<br>La agrupaci\u00f3n, que mezcla elementos del funk, rap, pop y rock, incluir\u00e1 en su<br>ruta presentaciones en Santiago, Vi\u00f1a del Mar, Pichilemu, Concepci\u00f3n, Puc\u00f3n,<br>Valdivia y Puerto Varas. Esta itinerancia cuenta con financiamiento del Ministerio<br>de las Culturas, las Artes y el Patrimonio, a trav\u00e9s del Fondo de la M\u00fasica, l\u00ednea<br>de Circulaci\u00f3n Nacional.<br>\u201cEntre los objetivos de la instituci\u00f3n figura la proyecci\u00f3n y promoci\u00f3n de<br>artistas. Esta gira, que recibe apoyo del Ministerio de las Culturas, cumple con la<br>tarea de potenciar y fortalecer proyectos locales, mediante la circulaci\u00f3n de sus<br>obras. Queremos apoyar y propiciar espacios para que las y los creadores tengan<br>m\u00e1s y mejores oportunidades de exhibir su trabajo\u201d, coment\u00f3 el Seremi de las<br>Culturas, Luis Navarro.<br>La gira tendr\u00e1 como punto de partida el bar Ramblas de la capital de Chile,<br>ubicado en avenida Manuel Bulnes N\u00b0 370, Santiago, el pr\u00f3ximo mi\u00e9rcoles 20 de<br>agosto, a las 21.00 horas. La itinerancia continuar\u00e1 en Vi\u00f1a del Mar (jueves 21 de<br>agosto), Pichilemu (22 de agosto), Concepci\u00f3n (26 de agosto), Puc\u00f3n (27 de<br>agosto), Valdivia (28 de agosto), para finalizar en Puerto Varas, el 29 de agosto.<br>\u201cEstamos agradecidos de lo que significa esta instancia para nosotros. Venimos<br>llegando de un viaje productivo y exitoso, de la Ciudad de Buenos Aires y ahora<br>sentimos esa necesidad de compartir el funky, el groove del sur de Chile, de<br>Punta Arenas, para el resto de nuestro pa\u00eds\u201d, manifest\u00f3 Miguel Pacheco (Mickey<br>de la Weed), vocalista de la banda.<\/p>\n\n\n\n<p>La agrupaci\u00f3n Shuggar, cuyo debut se registr\u00f3 el a\u00f1o 2020, est\u00e1 compuesta por<br>Miguel Pacheco (voz), Sebasti\u00e1n Aguila (guitarra), Rodolfo Aguilar (bajo),<br>Fernando Esp\u00edndola (teclado), Maximiliano Alonso (bater\u00eda), Valeska Fuentes y<br>Francisca Soto (coros). Su producci\u00f3n musical incluye 2 EPs, 9 singles y 6<br>videoclips.<br>La exitosa banda se ha posicionado en la regi\u00f3n de Magallanes como una de las<br>m\u00e1s influyentes del estilo y con gran proyecci\u00f3n debido a su en\u00e9rgica puesta en<br>escena. En su trayectoria figuran actuaciones como el 1er Festival del Verano de<br>Punta Arenas, el Carnaval de Invierno, Festival Ruido Austral de la red<br>Rock\u00f3dromo y participaci\u00f3n en el programa Apreciaci\u00f3n de la M\u00fasica Nacional,<br>del Ministerio de las Culturas.<\/p>\n","protected":false},"excerpt":{"rendered":"<p>El Funky Patag\u00f3nico recorrer\u00e1 el centro y sur de Chile. La banda magall\u00e1nicaShuggar, realizar\u00e1 su primera gira nacional, a partir de la pr\u00f3xima semana. Setrata del tour \u201cMambo Funky\u201d, que&#8230; <a class=\"read-more\" href=\"https:\/\/www.radiopresidenteibanez.cl\/web\/banda-shuggar-inicia-gira-nacional\/\">Leer m\u00e1s<\/a><\/p>\n","protected":false},"author":2,"featured_media":58320,"comment_status":"closed","ping_status":"closed","sticky":false,"template":"","format":"standard","meta":{"footnotes":""},"categories":[1],"tags":[],"class_list":["post-58319","post","type-post","status-publish","format-standard","has-post-thumbnail","hentry","category-cronica"],"_links":{"self":[{"href":"https:\/\/www.radiopresidenteibanez.cl\/web\/wp-json\/wp\/v2\/posts\/58319","targetHints":{"allow":["GET"]}}],"collection":[{"href":"https:\/\/www.radiopresidenteibanez.cl\/web\/wp-json\/wp\/v2\/posts"}],"about":[{"href":"https:\/\/www.radiopresidenteibanez.cl\/web\/wp-json\/wp\/v2\/types\/post"}],"author":[{"embeddable":true,"href":"https:\/\/www.radiopresidenteibanez.cl\/web\/wp-json\/wp\/v2\/users\/2"}],"replies":[{"embeddable":true,"href":"https:\/\/www.radiopresidenteibanez.cl\/web\/wp-json\/wp\/v2\/comments?post=58319"}],"version-history":[{"count":0,"href":"https:\/\/www.radiopresidenteibanez.cl\/web\/wp-json\/wp\/v2\/posts\/58319\/revisions"}],"wp:featuredmedia":[{"embeddable":true,"href":"https:\/\/www.radiopresidenteibanez.cl\/web\/wp-json\/wp\/v2\/media\/58320"}],"wp:attachment":[{"href":"https:\/\/www.radiopresidenteibanez.cl\/web\/wp-json\/wp\/v2\/media?parent=58319"}],"wp:term":[{"taxonomy":"category","embeddable":true,"href":"https:\/\/www.radiopresidenteibanez.cl\/web\/wp-json\/wp\/v2\/categories?post=58319"},{"taxonomy":"post_tag","embeddable":true,"href":"https:\/\/www.radiopresidenteibanez.cl\/web\/wp-json\/wp\/v2\/tags?post=58319"}],"curies":[{"name":"wp","href":"https:\/\/api.w.org\/{rel}","templated":true}]}}