{"id":58316,"date":"2025-08-18T14:39:00","date_gmt":"2025-08-18T17:39:00","guid":{"rendered":"https:\/\/www.radiopresidenteibanez.cl\/web\/?p=58316"},"modified":"2025-08-18T11:35:45","modified_gmt":"2025-08-18T14:35:45","slug":"superintendente-de-educacion-superior-visito-la-universidad-de-magallanes-para-abordar-desafios-de-sostenibilidad-y-modernizacion","status":"publish","type":"post","link":"https:\/\/www.radiopresidenteibanez.cl\/web\/superintendente-de-educacion-superior-visito-la-universidad-de-magallanes-para-abordar-desafios-de-sostenibilidad-y-modernizacion\/","title":{"rendered":"Superintendente de Educaci\u00f3n Superior visit\u00f3 la Universidad de Magallanes para abordar desaf\u00edos de sostenibilidad y modernizaci\u00f3n"},"content":{"rendered":"\n<p>En una agenda de dos d\u00edas, el Superintendente de Educaci\u00f3n Superior, Jos\u00e9 Miguel Salazar, visit\u00f3 la Universidad de Magallanes (UMAG) para sostener reuniones con autoridades, cuerpos colegiados, decanaturas y representantes de las asociaciones universitarias, en el marco de un di\u00e1logo institucional enfocado en los procesos de Sostenibilidad y Modernizaci\u00f3n de la casa de estudios.<\/p>\n\n\n\n<p>Su visita comenz\u00f3 con asistir a la primera sesi\u00f3n del Consejo Superior, donde Salazar valor\u00f3 el trabajo conjunto realizado con la UMAG durante los \u00faltimos meses y que se relacionan dif\u00edcil momento econ\u00f3mico que&nbsp; viven las universidades estatales: \u201cLa educaci\u00f3n superior en Chile vive una situaci\u00f3n estructural que ha modificado sus condiciones de funcionamiento, afectando tanto a las universidades estatales como a otras instituciones. En este contexto, hemos trabajado durante casi nueve meses en un proceso de di\u00e1logo con la Universidad de Magallanes para acordar un plan de sostenibilidad y modernizaci\u00f3n que esperamos aprobar prontamente. Este plan busca resolver las dificultades m\u00e1s complejas en la gesti\u00f3n econ\u00f3mico-financiera, racionalizar gastos y asegurar que la instituci\u00f3n funcione con los recursos que efectivamente recibe. Una vez en marcha, ser\u00e1 objeto de un seguimiento peri\u00f3dico \u2014mensual, trimestral y semestral\u2014 para anticipar problemas y abordarlos de manera oportuna\u201d.<\/p>\n\n\n\n<p>Durante la segunda jornada, que incluy\u00f3 reuniones con decanas, decanos y el Consejo Universitario, as\u00ed como un encuentro de trabajo con el equipo directivo, Salazar recalc\u00f3 el compromiso de la Superintendencia: \u201cLa Universidad de Magallanes es un caso emblem\u00e1tico que refleja la importancia de contar con agendas a la medida de cada instituci\u00f3n. Nuestro compromiso es trabajar de forma cercana, con sus organismos superiores para definir la mejor ruta a seguir. La Superintendencia est\u00e1 plenamente comprometida con asegurar la sostenibilidad de la educaci\u00f3n superior en su conjunto, generando soluciones adaptadas a la realidad de cada universidad y fortaleciendo su capacidad de responder a los desaf\u00edos que enfrenta el sistema\u201d.<\/p>\n\n\n\n<p>La presidenta del Consejo Superior, Patricia Stambuk, calific\u00f3 la visita como \u201cmuy estimulante y muy realista\u201d, destacando que permiti\u00f3 abordar la situaci\u00f3n general de las universidades estatales y reflexionar sobre el camino a seguir: \u201cNo ser\u00e1 f\u00e1cil, pero es absolutamente necesario. Pese a las distintas apreciaciones que puedan existir, el Consejo Superior est\u00e1 unido en colaborar y hacer lo mejor posible para superar este momento de crisis. Nuestro rol es decisivo: pasa absolutamente todo por nuestra consideraci\u00f3n, desde la aprobaci\u00f3n del reglamento interno hasta la definici\u00f3n de cargos clave y la revisi\u00f3n de todas las propuestas que presente la rector\u00eda\u201d.<\/p>\n\n\n\n<p>Respecto a las prioridades, Stambuk enfatiz\u00f3 que \u201choy las materias m\u00e1s urgentes son las financieras, que est\u00e1n en primera l\u00ednea. A las universidades nos gusta hablar de ciencia y formaci\u00f3n, pero ahora debemos pensar en nuestro futuro a partir de ingresos, gastos y presupuestos. Este es un proceso general de sostenibilidad que no solo implica reestructuraci\u00f3n, sino una adecuaci\u00f3n a los nuevos tiempos. La Universidad de Magallanes vive un momento de inflexi\u00f3n, pero tenemos la convicci\u00f3n de que no vamos a desaparecer. Ajustaremos lo necesario, manteniendo nuestro rol como pilar de la formaci\u00f3n y de la ciencia en la regi\u00f3n\u201d.<\/p>\n\n\n\n<p>El rector de la UMAG, Jos\u00e9 Maripani, subray\u00f3 que la instituci\u00f3n se encuentra en \u201cun periodo de transformaci\u00f3n y consolidaci\u00f3n, marcado por la democratizaci\u00f3n de su gobierno a trav\u00e9s del modelo triestamental y una intensa gesti\u00f3n para asegurar su estabilidad financiera. La combinaci\u00f3n de un cr\u00e9dito con aval del Estado y la esperanza en el FES son cruciales para su sostenibilidad. Al mismo tiempo, la universidad mira hacia el futuro con planes de crecimiento en matr\u00edcula, diversificaci\u00f3n de la oferta educativa (incluyendo modalidad online) y una alineaci\u00f3n estrat\u00e9gica con el desarrollo econ\u00f3mico y la transici\u00f3n energ\u00e9tica de la regi\u00f3n, buscando fortalecer su rol como motor de desarrollo en una zona geogr\u00e1fica \u00fanica y desafiante\u201d.<\/p>\n\n\n\n<p>La visita concluy\u00f3 con un di\u00e1logo junto a las asociaciones de acad\u00e9micos (ARAUMAG), funcionarios (AFUM) y profesionales y t\u00e9cnicos (APROTEC), donde se compartieron inquietudes y propuestas desde la comunidad universitaria.<\/p>\n","protected":false},"excerpt":{"rendered":"<p>En una agenda de dos d\u00edas, el Superintendente de Educaci\u00f3n Superior, Jos\u00e9 Miguel Salazar, visit\u00f3 la Universidad de Magallanes (UMAG) para sostener reuniones con autoridades, cuerpos colegiados, decanaturas y representantes&#8230; <a class=\"read-more\" href=\"https:\/\/www.radiopresidenteibanez.cl\/web\/superintendente-de-educacion-superior-visito-la-universidad-de-magallanes-para-abordar-desafios-de-sostenibilidad-y-modernizacion\/\">Leer m\u00e1s<\/a><\/p>\n","protected":false},"author":2,"featured_media":58317,"comment_status":"closed","ping_status":"closed","sticky":false,"template":"","format":"standard","meta":{"footnotes":""},"categories":[1],"tags":[],"class_list":["post-58316","post","type-post","status-publish","format-standard","has-post-thumbnail","hentry","category-cronica"],"_links":{"self":[{"href":"https:\/\/www.radiopresidenteibanez.cl\/web\/wp-json\/wp\/v2\/posts\/58316","targetHints":{"allow":["GET"]}}],"collection":[{"href":"https:\/\/www.radiopresidenteibanez.cl\/web\/wp-json\/wp\/v2\/posts"}],"about":[{"href":"https:\/\/www.radiopresidenteibanez.cl\/web\/wp-json\/wp\/v2\/types\/post"}],"author":[{"embeddable":true,"href":"https:\/\/www.radiopresidenteibanez.cl\/web\/wp-json\/wp\/v2\/users\/2"}],"replies":[{"embeddable":true,"href":"https:\/\/www.radiopresidenteibanez.cl\/web\/wp-json\/wp\/v2\/comments?post=58316"}],"version-history":[{"count":0,"href":"https:\/\/www.radiopresidenteibanez.cl\/web\/wp-json\/wp\/v2\/posts\/58316\/revisions"}],"wp:featuredmedia":[{"embeddable":true,"href":"https:\/\/www.radiopresidenteibanez.cl\/web\/wp-json\/wp\/v2\/media\/58317"}],"wp:attachment":[{"href":"https:\/\/www.radiopresidenteibanez.cl\/web\/wp-json\/wp\/v2\/media?parent=58316"}],"wp:term":[{"taxonomy":"category","embeddable":true,"href":"https:\/\/www.radiopresidenteibanez.cl\/web\/wp-json\/wp\/v2\/categories?post=58316"},{"taxonomy":"post_tag","embeddable":true,"href":"https:\/\/www.radiopresidenteibanez.cl\/web\/wp-json\/wp\/v2\/tags?post=58316"}],"curies":[{"name":"wp","href":"https:\/\/api.w.org\/{rel}","templated":true}]}}