{"id":58310,"date":"2025-08-18T11:07:00","date_gmt":"2025-08-18T14:07:00","guid":{"rendered":"https:\/\/www.radiopresidenteibanez.cl\/web\/?p=58310"},"modified":"2025-08-18T10:30:16","modified_gmt":"2025-08-18T13:30:16","slug":"experiencia-de-movimiento-de-mascaras-impartida-por-jaime-lorca-culmino-con-satisfactorias-puestas-en-escena","status":"publish","type":"post","link":"https:\/\/www.radiopresidenteibanez.cl\/web\/experiencia-de-movimiento-de-mascaras-impartida-por-jaime-lorca-culmino-con-satisfactorias-puestas-en-escena\/","title":{"rendered":"Experiencia de Movimiento de m\u00e1scaras impartida por Jaime Lorca culmin\u00f3 con satisfactorias puestas en escena"},"content":{"rendered":"\n<p>Durante los cuatro d\u00edas que se desarroll\u00f3 el Seminario de Movimiento, el<br>destacado actor nacional Jaime Lorca brind\u00f3 una serie de t\u00e9cnicas para el trabajo esc\u00e9nico<br>con m\u00e1scaras. La experiencia culmin\u00f3 el pasado viernes 15 de agosto con notables<br>improvisaciones de las y los participantes. El encuentro denominado CIEMSA, fue<br>organizado por La \u00daltima compa\u00f1\u00eda de teatro y financiado por el Ministerio de las Culturas,<br>las Artes y el Patrimonio a trav\u00e9s del Fondo de Artes Esc\u00e9nicas convocatoria 2025.<br>El Seminario de Movimiento: marionetas y m\u00e1scaras se realiz\u00f3 desde el 12 al 15 de agosto<br>en el Espacio Cultural Casa N\u00f3made, inaugurando a la vez dicho espacio cultural en Punta<br>Arenas. El experimentado director de la compa\u00f1\u00eda Viajeinm\u00f3vil, y tallerista de CIEMSA, se<br>refiri\u00f3 a la actividad: \u201cfue una semana intensa y dos cosas buenas son la alta convocatoria y<br>el trabajo que se hizo, que fue muy intenso\u2026adem\u00e1s, este lugar, que es nuevo; este lugar<br>est\u00e1 muy apto para hacer talleres, para hacer presentaciones as\u00ed que me voy feliz\u201d, expres\u00f3<br>finalmente Jaime Lorca.<br>Vanesa Llanos, integrante del elenco municipal de teatro que particip\u00f3 durante los 4 d\u00edas de<br>formaci\u00f3n, comparti\u00f3 sus impresiones: \u201cEsta experiencia fue incre\u00edble, fue de mucho<br>aprendizaje y nos ense\u00f1\u00f3 varias t\u00e9cnicas para el trabajo esc\u00e9nico con m\u00e1scaras, as\u00ed que<br>estoy muy agradecida del teatro La \u00daltima por darnos esta oportunidad\u201d.<\/p>\n\n\n\n<p>CIEMSA: Centro de Investigaci\u00f3n y Exploraci\u00f3n de Movimiento al Sur Austral es una<br>iniciativa de La \u00daltima compa\u00f1\u00eda de teatro, que surgi\u00f3 para responder a las necesidades de<br>profesionalizaci\u00f3n en el sector de las Artes Esc\u00e9nicas en Magallanes. Contempl\u00f3 dos<br>instancias de formaci\u00f3n en la t\u00e9cnica de medias m\u00e1scaras teatrales: el Taller de Creaci\u00f3n<br>de m\u00e1scaras impartido por Tom\u00e1s O\u2019Ryan de O\u2019Ryan Lab, entre el 28 y el 31 de julio en el<br>Centro Cultural Claudio Paredes Chamorro y el Seminario de Movimiento a cargo del<br>maestro Jaime Lorca, que se efectu\u00f3 entre el 12 y el 15 de agosto 2025, en el espacio<br>cultural Casa N\u00f3made, ubicado en Croacia 1017. El proyecto fue financiado por el Ministerio<br>de las Culturas, las Artes y el Patrimonio a trav\u00e9s del Fondo de Artes Esc\u00e9nicas,<br>convocatoria 2025. Beneficiando a cerca de una treintena de personas vinculadas al teatro y<br>sus diversas \u00e1reas.<\/p>\n","protected":false},"excerpt":{"rendered":"<p>Durante los cuatro d\u00edas que se desarroll\u00f3 el Seminario de Movimiento, eldestacado actor nacional Jaime Lorca brind\u00f3 una serie de t\u00e9cnicas para el trabajo esc\u00e9nicocon m\u00e1scaras. La experiencia culmin\u00f3 el&#8230; <a class=\"read-more\" href=\"https:\/\/www.radiopresidenteibanez.cl\/web\/experiencia-de-movimiento-de-mascaras-impartida-por-jaime-lorca-culmino-con-satisfactorias-puestas-en-escena\/\">Leer m\u00e1s<\/a><\/p>\n","protected":false},"author":2,"featured_media":58311,"comment_status":"closed","ping_status":"closed","sticky":false,"template":"","format":"standard","meta":{"footnotes":""},"categories":[1],"tags":[],"class_list":["post-58310","post","type-post","status-publish","format-standard","has-post-thumbnail","hentry","category-cronica"],"_links":{"self":[{"href":"https:\/\/www.radiopresidenteibanez.cl\/web\/wp-json\/wp\/v2\/posts\/58310","targetHints":{"allow":["GET"]}}],"collection":[{"href":"https:\/\/www.radiopresidenteibanez.cl\/web\/wp-json\/wp\/v2\/posts"}],"about":[{"href":"https:\/\/www.radiopresidenteibanez.cl\/web\/wp-json\/wp\/v2\/types\/post"}],"author":[{"embeddable":true,"href":"https:\/\/www.radiopresidenteibanez.cl\/web\/wp-json\/wp\/v2\/users\/2"}],"replies":[{"embeddable":true,"href":"https:\/\/www.radiopresidenteibanez.cl\/web\/wp-json\/wp\/v2\/comments?post=58310"}],"version-history":[{"count":0,"href":"https:\/\/www.radiopresidenteibanez.cl\/web\/wp-json\/wp\/v2\/posts\/58310\/revisions"}],"wp:featuredmedia":[{"embeddable":true,"href":"https:\/\/www.radiopresidenteibanez.cl\/web\/wp-json\/wp\/v2\/media\/58311"}],"wp:attachment":[{"href":"https:\/\/www.radiopresidenteibanez.cl\/web\/wp-json\/wp\/v2\/media?parent=58310"}],"wp:term":[{"taxonomy":"category","embeddable":true,"href":"https:\/\/www.radiopresidenteibanez.cl\/web\/wp-json\/wp\/v2\/categories?post=58310"},{"taxonomy":"post_tag","embeddable":true,"href":"https:\/\/www.radiopresidenteibanez.cl\/web\/wp-json\/wp\/v2\/tags?post=58310"}],"curies":[{"name":"wp","href":"https:\/\/api.w.org\/{rel}","templated":true}]}}