{"id":58306,"date":"2025-08-18T10:00:44","date_gmt":"2025-08-18T13:00:44","guid":{"rendered":"https:\/\/www.radiopresidenteibanez.cl\/web\/?p=58306"},"modified":"2025-08-18T10:02:18","modified_gmt":"2025-08-18T13:02:18","slug":"mas-de-5-mil-estudiantes-magallanicos-recibieron-gratuidad-este-2025","status":"publish","type":"post","link":"https:\/\/www.radiopresidenteibanez.cl\/web\/mas-de-5-mil-estudiantes-magallanicos-recibieron-gratuidad-este-2025\/","title":{"rendered":"M\u00e1s de 5 mil estudiantes magall\u00e1nicos recibieron Gratuidad este 2025"},"content":{"rendered":"\n<p>El Ministerio de Educaci\u00f3n, a trav\u00e9s de la Subsecretar\u00eda de Educaci\u00f3n Superior, inform\u00f3 la tercera asignaci\u00f3n de beneficios estudiantiles para la educaci\u00f3n superior 2025. Tambi\u00e9n dio cuenta de los resultados para las y los j\u00f3venes que apelaron luego de recibir su asignaci\u00f3n en mayo pasado. &nbsp;<\/p>\n\n\n\n<p>Tras este proceso, m\u00e1s de 739 mil estudiantes podr\u00e1n contar con alg\u00fan beneficio estudiantil -becas, cr\u00e9ditos o gratuidad- para iniciar o continuar sus estudios. &nbsp;Del total de ellas y ellos, 612 mil estudiar\u00e1n este a\u00f1o con gratuidad pues cumplen con el requisito socioecon\u00f3mico y se matricularon en una de las 68 instituciones adscritas al sistema, lo que representa un 46,22% de la matr\u00edcula total. Respecto al a\u00f1o anterior, la gratuidad aument\u00f3 en un 7,99%. &nbsp;&nbsp;<\/p>\n\n\n\n<p>En relaci\u00f3n a otros beneficios, en 2025 se asignaron 105.533 becas de arancel y se informaron 24.114 cr\u00e9ditos del Fondo Solidario. Estas cifras consideran aportes asignados por primera vez y renovaci\u00f3n de beneficio.<\/p>\n\n\n\n<p><strong>Estudiantes magall\u00e1nicos beneficiados<\/strong><\/p>\n\n\n\n<p>De acuerdo a lo informado, los estudiantes cuyo origen es la Regi\u00f3n de Magallanes y de la Ant\u00e1rtica Chilena obtuvieron 5.956 beneficios, divididos de la siguiente manera: Gratuidad (5.044), Becas (669) y&nbsp;<a>Fondo Solidario de Cr\u00e9dito Universitario&nbsp;<\/a>(243).<\/p>\n\n\n\n<p>El seremi de Educaci\u00f3n, Valent\u00edn Aguilera G\u00f3mez, destac\u00f3 los resultados de la tercera asignaci\u00f3n de beneficios estudiantiles. \u201cM\u00e1s de 5 mil estudiantes de nuestra regi\u00f3n han recibido gratuidad este 2025. Estas cifras reafirman el compromiso que tiene el gobierno del Presidente Gabriel Boric con la educaci\u00f3n en nuestro pa\u00eds\u201d.<\/p>\n\n\n\n<p><strong>Apelaci\u00f3n online<\/strong>\u202f<strong>vence este lunes<\/strong><\/p>\n\n\n\n<p>Este 18 de agosto, a las 23:59 horas, concluye el proceso de apelaci\u00f3n online para las y los estudiantes, quienes deben ingresar al portal de resultados y apelar en la misma plataforma en la que postularon con su RUT y contrase\u00f1a.&nbsp;\u202f&nbsp;<br>\u202f&nbsp;<br>En esa misma l\u00ednea, para esta \u00faltima apelaci\u00f3n las y los estudiantes podr\u00e1n ingresar a la plataforma con su Clave \u00danica y que podr\u00e1 ser utilizada para realizar el proceso de matr\u00edcula duplicada. &nbsp;<\/p>\n\n\n\n<p>En este periodo pueden apelar las y los estudiantes que postularon al proceso de beneficios estudiantiles para la educaci\u00f3n superior 2025 y no est\u00e1n conformes con el resultado informado. Cabe recordar que para apelar hay 13 causales distintas, entre ellas cambios en los ingresos de las familias o la cesant\u00eda de alguno\/a de sus integrantes.&nbsp;\u202f\u202f&nbsp;\u201cAviso de Confidencialidad: Este correo electr\u00f3nico y\/o el material adjunto es para uso exclusivo del emisor y la persona o entidad a la que expresamente se le ha enviado, y puede contener informaci\u00f3n confidencial o material privilegiado. Si usted no es el destinatario leg\u00edtimo del mismo, por favor rep\u00f3rtelo inmediatamente al remitente del correo y b\u00f3rrelo. Cualquier revisi\u00f3n, retransmisi\u00f3n, difusi\u00f3n o cualquier otro uso de este correo, por personas o entidades distintas a las del destinatario leg\u00edtimo, queda expresamente prohibido. Este correo electr\u00f3nico no pretende ni debe ser considerado como constitutivo de ninguna relaci\u00f3n legal, contractual o de otra \u00edndole similar. El Ministerio no asume ninguna responsabilidad por los da\u00f1os y perjuicios resultantes o que tengan conexi\u00f3n con el empleo indebido de esta informaci\u00f3n; su mal uso ser\u00e1 sancionado de conformidad a lo establecido en la normativa legal vigente al efecto, en particular, de conformidad a lo establecido en las pol\u00edticas de seguridad de la informaci\u00f3n actualmente vigentes y a la aplicaci\u00f3n de la Ley N\u00ba 19.628, sobre protecci\u00f3n de la vida privada<\/p>\n","protected":false},"excerpt":{"rendered":"<p>El Ministerio de Educaci\u00f3n, a trav\u00e9s de la Subsecretar\u00eda de Educaci\u00f3n Superior, inform\u00f3 la tercera asignaci\u00f3n de beneficios estudiantiles para la educaci\u00f3n superior 2025. Tambi\u00e9n dio cuenta de los resultados&#8230; <a class=\"read-more\" href=\"https:\/\/www.radiopresidenteibanez.cl\/web\/mas-de-5-mil-estudiantes-magallanicos-recibieron-gratuidad-este-2025\/\">Leer m\u00e1s<\/a><\/p>\n","protected":false},"author":2,"featured_media":58307,"comment_status":"closed","ping_status":"closed","sticky":false,"template":"","format":"standard","meta":{"footnotes":""},"categories":[1],"tags":[],"class_list":["post-58306","post","type-post","status-publish","format-standard","has-post-thumbnail","hentry","category-cronica"],"_links":{"self":[{"href":"https:\/\/www.radiopresidenteibanez.cl\/web\/wp-json\/wp\/v2\/posts\/58306","targetHints":{"allow":["GET"]}}],"collection":[{"href":"https:\/\/www.radiopresidenteibanez.cl\/web\/wp-json\/wp\/v2\/posts"}],"about":[{"href":"https:\/\/www.radiopresidenteibanez.cl\/web\/wp-json\/wp\/v2\/types\/post"}],"author":[{"embeddable":true,"href":"https:\/\/www.radiopresidenteibanez.cl\/web\/wp-json\/wp\/v2\/users\/2"}],"replies":[{"embeddable":true,"href":"https:\/\/www.radiopresidenteibanez.cl\/web\/wp-json\/wp\/v2\/comments?post=58306"}],"version-history":[{"count":0,"href":"https:\/\/www.radiopresidenteibanez.cl\/web\/wp-json\/wp\/v2\/posts\/58306\/revisions"}],"wp:featuredmedia":[{"embeddable":true,"href":"https:\/\/www.radiopresidenteibanez.cl\/web\/wp-json\/wp\/v2\/media\/58307"}],"wp:attachment":[{"href":"https:\/\/www.radiopresidenteibanez.cl\/web\/wp-json\/wp\/v2\/media?parent=58306"}],"wp:term":[{"taxonomy":"category","embeddable":true,"href":"https:\/\/www.radiopresidenteibanez.cl\/web\/wp-json\/wp\/v2\/categories?post=58306"},{"taxonomy":"post_tag","embeddable":true,"href":"https:\/\/www.radiopresidenteibanez.cl\/web\/wp-json\/wp\/v2\/tags?post=58306"}],"curies":[{"name":"wp","href":"https:\/\/api.w.org\/{rel}","templated":true}]}}